{"id":258922,"date":"2026-08-23T17:06:15","date_gmt":"2026-08-23T17:06:15","guid":{"rendered":"https:\/\/www.europesays.com\/ee\/258922\/"},"modified":"2026-08-23T17:06:15","modified_gmt":"2026-08-23T17:06:15","slug":"eesti-valisminister-venemaa-kordab-molotovi-ribbentropi-pakti-vigu","status":"publish","type":"post","link":"https:\/\/www.europesays.com\/ee\/258922\/","title":{"rendered":"Eesti v\u00e4lisminister: Venemaa kordab Molotovi-Ribbentropi pakti vigu"},"content":{"rendered":"<p class=\"text-muted-foreground text-[15px] leading-relaxed\">Eesti v\u00e4lisminister Margus Tsahkna hoiatas 23. augustil, et Venemaa praegune k\u00e4itumine Ukrainas peegeldab N\u00f5ukogude Liidu imperialistlikke ambitsioone Molotovi-Ribbentropi pakti ajal, ennustades sarnast l\u00f5plikku l\u00e4bikukkumist.<\/p>\n<p><a class=\"border-border\/60 hover:border-foreground\/30 focus-visible:ring-foreground\/30 mt-3 flex items-center justify-between gap-3 border px-3 py-2 font-mono text-[10px] font-medium uppercase tracking-wide transition-colors duration-150 focus-visible:outline-none focus-visible:ring-2\" data-sentry-element=\"Link\" data-sentry-component=\"StoryCirculationTeaser\" data-sentry-source-file=\"StoryCirculation.tsx\" href=\"https:\/\/shortl.ee\/et\/estonia\" rel=\"nofollow noopener\" target=\"_blank\">T\u00c4NA \u00b7 4 LUGUVaata \u00fcle<\/a><\/p>\n<ul class=\"space-y-3 text-[15px] leading-relaxed\">\n<li class=\"flex gap-3\">\u2014Eesti v\u00e4lisminister Margus Tsahkna m\u00e4rkis, et Venemaa praegune k\u00e4itumine peegeldab N\u00f5ukogude Liidu k\u00e4itumist Molotovi-Ribbentropi pakti ajal, kinnitades, et Venemaa imperialistlikud ambitsioonid l\u00f5puks eba\u00f5nnestuvad.<\/li>\n<li class=\"flex gap-3\">\u2014Tsahkna r\u00f5hutas, et 1939. aasta pakti salaprotokollid jagasid Euroopa m\u00f5jusf\u00e4\u00e4rideks, mis viis suver\u00e4\u00e4nsete riikide okupeerimiseni ja repressioonideni Balti riikides.<\/li>\n<li class=\"flex gap-3\">\u2014Ta t\u00f5mbas paralleele N\u00f5ukogude Liidu varasemate katsete vahel Euroopat \u00fcmber kujundada ja Venemaa praeguste p\u00fc\u00fcdluste vahel taastada oma m\u00f5jusf\u00e4\u00e4ri, ennustades sarnast eba\u00f5nnestumist.<\/li>\n<li class=\"flex gap-3\">\u2014Minister m\u00e4rkis, et Ukraina demonstreerib erakordset oskust ja sihikindlust Venemaa sissetungile vastu seistes, mida ta kirjeldas kui kulukat viieaastast s\u00f5da lahinguv\u00e4lja patiseisuga, kuid strateegilise hooga Ukrainale t\u00e4nu l\u00f6\u00f6kidele kriitilise infrastruktuuri vastu.<\/li>\n<li class=\"flex gap-3\">\u2014Tsahkna r\u00f5hutas rahvusvaheliste sanktsioonide k\u00e4egakatsutavat m\u00f5ju Venemaa majandusele ja kasvavaid sisepingeid, kutsudes \u00fcles j\u00e4tkama rahvusvahelist isolatsiooni ja vankumatut toetust Ukrainale.<\/li>\n<\/ul>\n","protected":false},"excerpt":{"rendered":"Eesti v\u00e4lisminister Margus Tsahkna hoiatas 23. augustil, et Venemaa praegune k\u00e4itumine Ukrainas peegeldab N\u00f5ukogude Liidu imperialistlikke ambitsioone Molotovi-Ribbentropi&hellip;\n","protected":false},"author":2,"featured_media":258923,"comment_status":"","ping_status":"","sticky":false,"template":"","format":"standard","meta":{"footnotes":"","_share_on_mastodon":"0"},"categories":[5],"tags":[286,26,27,37,33,35,34,36,31,32,21,498,28,29,100811,19,25,2797,23,24,262,22,20,5843,96,30],"class_list":["post-258922","post","type-post","status-publish","format-standard","has-post-thumbnail","category-uldised-uudised","tag-ajalugu","tag-breaking-news","tag-breakingnews","tag-ee","tag-eesti","tag-eesti-keel","tag-estonia","tag-estonian","tag-featured-news","tag-featurednews","tag-headlines","tag-julgeolek","tag-latest-news","tag-latestnews","tag-molotovi-ribbentropi-pakt","tag-news","tag-populaarseimad-lood","tag-sanktsioonid","tag-top-stories","tag-topstories","tag-ukraina","tag-uldised-uudised","tag-uudised","tag-valispoliitika","tag-venemaa","tag-viimased-uudised"],"share_on_mastodon":{"url":"https:\/\/pubeurope.com\/@ee\/117145920061541832","error":""},"_links":{"self":[{"href":"https:\/\/www.europesays.com\/ee\/wp-json\/wp\/v2\/posts\/258922","targetHints":{"allow":["GET"]}}],"collection":[{"href":"https:\/\/www.europesays.com\/ee\/wp-json\/wp\/v2\/posts"}],"about":[{"href":"https:\/\/www.europesays.com\/ee\/wp-json\/wp\/v2\/types\/post"}],"author":[{"embeddable":true,"href":"https:\/\/www.europesays.com\/ee\/wp-json\/wp\/v2\/users\/2"}],"replies":[{"embeddable":true,"href":"https:\/\/www.europesays.com\/ee\/wp-json\/wp\/v2\/comments?post=258922"}],"version-history":[{"count":0,"href":"https:\/\/www.europesays.com\/ee\/wp-json\/wp\/v2\/posts\/258922\/revisions"}],"wp:featuredmedia":[{"embeddable":true,"href":"https:\/\/www.europesays.com\/ee\/wp-json\/wp\/v2\/media\/258923"}],"wp:attachment":[{"href":"https:\/\/www.europesays.com\/ee\/wp-json\/wp\/v2\/media?parent=258922"}],"wp:term":[{"taxonomy":"category","embeddable":true,"href":"https:\/\/www.europesays.com\/ee\/wp-json\/wp\/v2\/categories?post=258922"},{"taxonomy":"post_tag","embeddable":true,"href":"https:\/\/www.europesays.com\/ee\/wp-json\/wp\/v2\/tags?post=258922"}],"curies":[{"name":"wp","href":"https:\/\/api.w.org\/{rel}","templated":true}]}}