{"id":258960,"date":"2026-08-23T18:19:11","date_gmt":"2026-08-23T18:19:11","guid":{"rendered":"https:\/\/www.europesays.com\/ee\/258960\/"},"modified":"2026-08-23T18:19:11","modified_gmt":"2026-08-23T18:19:11","slug":"vaata-jarele-flora-lopetas-parnus-kaotusteseeria-ja-jagas-noortele-debuute-soccernet-ee","status":"publish","type":"post","link":"https:\/\/www.europesays.com\/ee\/258960\/","title":{"rendered":"VAATA J\u00c4RELE: Flora l\u00f5petas P\u00e4rnus kaotusteseeria ja jagas noortele deb\u00fc\u00fcte &#8211; Soccernet.ee"},"content":{"rendered":"<p>&#13;\n<\/p>\n<p>Premium liiga 24. voor kulmineerus P\u00e4rnus, kus kohalik Vaprus v\u00f5\u00f5rustas Tallinna Florat. Floral \u00f5nnestus kolmem\u00e4nguline kaotusteseeria v\u00f5iduga l\u00f5petada, kuid seda sugugi mitte lihtsalt.\u00a0<\/p>\n<ul>&#13;<\/p>\n<li>Vaprus &#8211; Flora 1:2\u00a0(71. Sten Jakob Viidas &#8211; 29. Marten Kukkonen, 36. Oscar Pihela)<br \/>&#13;<br \/>\n    V\u00e4ravas\u00f6\u00f6dud: 71. Kevin Aloe &#8211; 29. Sander Alamaa, 36. Marten Kukkonen<\/li>\n<p>&#13;<\/p>\n<li>M\u00e4ngu kommenteeris Kris Ilves.<\/li>\n<p>&#13;<\/p>\n<li><a href=\"https:\/\/tv.soccernet.ee\/\" target=\"https:\/\/tv.soccernet.ee\/\" rel=\"nofollow noopener\">Vaata m\u00e4nge Soccernet TV-st!<\/a><\/li>\n<p>&#13;\n<\/ul>\n<p>Flora valitses avapoolaega ja asus teenitult kahe v\u00e4ravaga juhtima, kui skoori tegid Marten Kukkonen ja Oscar Pihela. Seejuures sai 18-aastane Kukkonen kirja \u00fcks-pluss-\u00fche, andes Pihela v\u00e4ravani viinud nurgal\u00f6\u00f6gi.&#13;\n<\/p>\n<p>Teisel poolajal surus Vaprus end m\u00e4ngu tagasi ning 71. minutil l\u00f5i Sten Jakob Viidas ka \u00fche v\u00e4rava tagasi. Seej\u00e4rel muutus m\u00e4ngu l\u00f5pp \u00fcsna n\u00e4rviliseks, kuid Floral \u00f5nnestus siiski edust kinni hoida.&#13;\n<\/p>\n<p>Napist eduseisust hoolimata jagas Flora peatreeneri kohuset\u00e4itja Karl M\u00f6\u00f6l julgelt noorm\u00e4ngijatele Premium liiga deb\u00fc\u00fctminuteid.\u00a0K\u00f5igest 14-aastane Denis Zotov p\u00e4\u00e4ses platsile kohe p\u00e4rast Viidase v\u00e4ravat, 18-aastane Eerik Paltser ja 17-aastane Karl-Tristan Lorenz sekkusid 86. minutil. \u00a0&#13;\n<\/p>\n<p>&#13;\n<\/p>\n<p>Enne m\u00e4ngu:<\/p>\n<p>Florat ja Vaprust lahutab tabelis 12 punkti, kui pealinlased on parasjagu neljandal ja suvepealinlased kuuendal kohal. Viimases voorus tunnistasid m\u00f5lemad tiimid vastase paremust, kui Vaprus kaotas v\u00f5\u00f5rsil N\u00f5mme Kaljule 1:3 ja Flora alistus kodus Kuressaarele 2:3. Lisaks j\u00e4ttis eurosuve fopaaga l\u00f5petanud Flora vahepealsel ajal h\u00fcvasi oma suurima v\u00e4ravak\u00fcti Rauno Sappineniga, kes siirdus taas v\u00e4lismaale.&#13;\n<\/p>\n<p>Vaprus ja Flora on t\u00e4navu m\u00e4nginud teineteise vastu kaks korda, m\u00f5lemal juhul on parem olnud Tallinna v\u00f5istkond. Vaprus on ajaloo jooksul v\u00f5itnud Florat kaks korda, m\u00f5lemal juhul v\u00f5\u00f5rsil.&#13;\n<\/p>\n<p>V\u00e4ljakukohtunik<\/p>\n<p>Karl Koppel<\/p>\n<p>1. abikohtunik<\/p>\n<p>Riivo Stolts<\/p>\n<p>2. abikohtunik<\/p>\n<p>Neeme Neemlaid<\/p>\n<p>4. kohtunik<\/p>\n<p>Janari Vaher<\/p>\n<p>Videokohtunik<\/p>\n<p>Kristo Tohver<\/p>\n<p>Abivideokohtunik<\/p>\n<p>Erkko Liiv<\/p>\n<p>P: 27 (V\u00f5: 8 Vi: 3 Ka: 11) VV: 30:42<\/p>\n<p>P: 39 (V\u00f5: 13 Vi: 0 Ka: 8) VV: 42:24<\/p>\n<p>Henri V\u00e4lja 8<\/p>\n<p>Matthias Limberg 6<\/p>\n<p>Sten Jakob Viidas 3<\/p>\n<p>Rasmus Orm 3<\/p>\n<p>Kevin Aloe 2<\/p>\n<p>Rauno Sappinen 9<\/p>\n<p>Sander Alamaa 7<\/p>\n<p>Sergei Zenjov 5<\/p>\n<p>Taaniel Usta 4<\/p>\n<p>Tony Varjund 3<\/p>\n<p>Tristan Pajo 5<\/p>\n<p>Kevin Aloe 3<\/p>\n<p>Matthias Limberg 3<\/p>\n<p>Sander Kapper 2<\/p>\n<p>Virgo Vallik 2<\/p>\n<p>Sander Alamaa 6<\/p>\n<p>Sergei Zenjov 5<\/p>\n<p>Rauno Sappinen 5<\/p>\n<p>Tony Varjund 4<\/p>\n<p>Danil Kuraksin 4<\/p>\n<p>Sergei Zenjov<\/p>\n<p>Ilja Antonov<\/p>\n<p>Sander Kapper<\/p>\n<p>Joosep P\u00f5der<\/p>\n<p>Kevin Aloe<\/p>\n<p>Mathias Villota<\/p>\n<p>Joonas Sild<\/p>\n<p>Mark Anders Lepik<\/p>\n<p>Mihhail Kolobov<\/p>\n<p>Sander Tovstik<\/p>\n<p>Airon Kollo<\/p>\n<p>Nikita Kalm\u00f5kov<\/p>\n<p>Mark Hendrik Kukk<\/p>\n<p>VIIMASED OMAVAHELISED M\u00c4NGUD<\/p>\n<p>Vapruse v\u00f5it 4,45<\/p>\n<p>viik 4,00<\/p>\n<p><img decoding=\"async\" src=\"https:\/\/www.europesays.com\/ee\/wp-content\/uploads\/2026\/08\/1787509151_319_vivatbet_logo_dark.png\" alt=\"\" style=\"max-width: 765px !important; height: auto; width: auto; max-height: 30px;\"\/><\/p>\n<p>Flora v\u00f5it 1,60<\/p>\n<p>viik 4,00<\/p>\n","protected":false},"excerpt":{"rendered":"&#13; Premium liiga 24. voor kulmineerus P\u00e4rnus, kus kohalik Vaprus v\u00f5\u00f5rustas Tallinna Florat. Floral \u00f5nnestus kolmem\u00e4nguline kaotusteseeria v\u00f5iduga&hellip;\n","protected":false},"author":2,"featured_media":258961,"comment_status":"","ping_status":"","sticky":false,"template":"","format":"standard","meta":{"footnotes":"","_share_on_mastodon":"0"},"categories":[18],"tags":[37,33,35,34,36,163,2470,4106,1621,167,159,158,700,1622],"class_list":["post-258960","post","type-post","status-publish","format-standard","has-post-thumbnail","category-sport","tag-ee","tag-eesti","tag-eesti-keel","tag-estonia","tag-estonian","tag-flora","tag-otsepilt","tag-otseulekanne","tag-parnu-vaprus","tag-premium-liiga","tag-sport","tag-sports","tag-tallinna-flora","tag-vaprus"],"share_on_mastodon":{"url":"https:\/\/pubeurope.com\/@ee\/117146207452709460","error":""},"_links":{"self":[{"href":"https:\/\/www.europesays.com\/ee\/wp-json\/wp\/v2\/posts\/258960","targetHints":{"allow":["GET"]}}],"collection":[{"href":"https:\/\/www.europesays.com\/ee\/wp-json\/wp\/v2\/posts"}],"about":[{"href":"https:\/\/www.europesays.com\/ee\/wp-json\/wp\/v2\/types\/post"}],"author":[{"embeddable":true,"href":"https:\/\/www.europesays.com\/ee\/wp-json\/wp\/v2\/users\/2"}],"replies":[{"embeddable":true,"href":"https:\/\/www.europesays.com\/ee\/wp-json\/wp\/v2\/comments?post=258960"}],"version-history":[{"count":0,"href":"https:\/\/www.europesays.com\/ee\/wp-json\/wp\/v2\/posts\/258960\/revisions"}],"wp:featuredmedia":[{"embeddable":true,"href":"https:\/\/www.europesays.com\/ee\/wp-json\/wp\/v2\/media\/258961"}],"wp:attachment":[{"href":"https:\/\/www.europesays.com\/ee\/wp-json\/wp\/v2\/media?parent=258960"}],"wp:term":[{"taxonomy":"category","embeddable":true,"href":"https:\/\/www.europesays.com\/ee\/wp-json\/wp\/v2\/categories?post=258960"},{"taxonomy":"post_tag","embeddable":true,"href":"https:\/\/www.europesays.com\/ee\/wp-json\/wp\/v2\/tags?post=258960"}],"curies":[{"name":"wp","href":"https:\/\/api.w.org\/{rel}","templated":true}]}}