{"id":258978,"date":"2026-08-23T18:34:09","date_gmt":"2026-08-23T18:34:09","guid":{"rendered":"https:\/\/www.europesays.com\/ee\/258978\/"},"modified":"2026-08-23T18:34:09","modified_gmt":"2026-08-23T18:34:09","slug":"laanemaa-rannajalgpallurid-hiilgasid-laanemere-liigas","status":"publish","type":"post","link":"https:\/\/www.europesays.com\/ee\/258978\/","title":{"rendered":"L\u00e4\u00e4nemaa rannajalgpallurid hiilgasid L\u00e4\u00e4nemere liigas"},"content":{"rendered":"<p>            <a href=\"https:\/\/online.le.ee\/wp-content\/uploads\/2026\/08\/priit-maeorg-foto-erakogu-1-e1787509324150.jpeg\" data-caption=\"\" rel=\"nofollow noopener\" target=\"_blank\"><img loading=\"lazy\" width=\"696\" height=\"680\" class=\"entry-thumb td-modal-image lazyload\" alt=\"\" title=\"priit m\u00e4eorg foto erakogu\" src=\"https:\/\/www.europesays.com\/ee\/wp-content\/uploads\/2026\/08\/priit-maeorg-foto-erakogu-1-e1787509324150-696x680.jpeg\" decoding=\"async\"  data- data-eio-rwidth=\"696\" data-eio-rheight=\"680\"\/><\/a><\/p>\n<p><img loading=\"lazy\" class=\"wp-image-483582 size-full lazyload\" alt=\"\" width=\"1205\" height=\"1920\" src=\"https:\/\/www.europesays.com\/ee\/wp-content\/uploads\/2026\/08\/priit-maeorg-foto-erakogu.jpeg\" decoding=\"async\" data-eio-rwidth=\"1205\" data-eio-rheight=\"1920\"\/>Priit M\u00e4eorg. Foto: erakogu<\/p>\n<p>\t\tM\u00f6\u00f6dunud laup\u00e4eval peeti P\u00e4rnumaal, J\u00f5ulum\u00e4e rannajalgpallihallis L\u00e4\u00e4nemere rannajalgpalliliiga finaalturniir. Algselt pidi nelja l\u00f5ppv\u00f5istlusele j\u00f5udnud klubi osalusel peetav l\u00f5ppvaatus toimuma P\u00e4rnu rannas, aga suur torm t\u00f5i m\u00e4ngud halli.<\/p>\n<p>&#8220;Jumal t\u00e4natud, et meil, tegelikult kogu Baltikumis selline hall on, turniir oleks j\u00e4\u00e4nud muidu pidamata.&#8221; \u00fctles Eesti rannajalgpallilegend Priit M\u00e4eorg. 38aastane K\u00f5msilt p\u00e4rit M\u00e4eorg ja 32aastane Haapsalust p\u00e4rit Talis Tamm tegid suurep\u00e4rase turniiri.<\/p>\n<p>M\u00f5lemad mehed m\u00e4ngivad koos N\u00f5mme BSC meeskonnas ja suutsid j\u00f5uda finaalturniirile nelja parema sekka.<\/p>\n<p>Artikkel j\u00e4tkub peale reklaami<img loading=\"lazy\" decoding=\"async\" class=\"aligncenter size-full wp-image-387649\" src=\"https:\/\/www.europesays.com\/ee\/wp-content\/uploads\/2026\/08\/1787510049_102_tasuline.png\" alt=\"\" width=\"688\" height=\"101\" data-eio=\"l\"\/><\/a><\/p>\n<p>Reklaam<\/p>\n","protected":false},"excerpt":{"rendered":"Priit M\u00e4eorg. Foto: erakogu M\u00f6\u00f6dunud laup\u00e4eval peeti P\u00e4rnumaal, J\u00f5ulum\u00e4e rannajalgpallihallis L\u00e4\u00e4nemere rannajalgpalliliiga finaalturniir. Algselt pidi nelja l\u00f5ppv\u00f5istlusele j\u00f5udnud&hellip;\n","protected":false},"author":2,"featured_media":258979,"comment_status":"","ping_status":"","sticky":false,"template":"","format":"standard","meta":{"footnotes":"","_share_on_mastodon":"0"},"categories":[5],"tags":[26,27,37,33,35,34,36,31,32,21,172,28,29,19,25,85389,31545,100827,23,24,22,20,30],"class_list":["post-258978","post","type-post","status-publish","format-standard","has-post-thumbnail","category-uldised-uudised","tag-breaking-news","tag-breakingnews","tag-ee","tag-eesti","tag-eesti-keel","tag-estonia","tag-estonian","tag-featured-news","tag-featurednews","tag-headlines","tag-jalgpall","tag-latest-news","tag-latestnews","tag-news","tag-populaarseimad-lood","tag-priit-maeorg","tag-rannajalgpall","tag-talis-tamm","tag-top-stories","tag-topstories","tag-uldised-uudised","tag-uudised","tag-viimased-uudised"],"share_on_mastodon":{"url":"https:\/\/pubeurope.com\/@ee\/117146266723542016","error":""},"_links":{"self":[{"href":"https:\/\/www.europesays.com\/ee\/wp-json\/wp\/v2\/posts\/258978","targetHints":{"allow":["GET"]}}],"collection":[{"href":"https:\/\/www.europesays.com\/ee\/wp-json\/wp\/v2\/posts"}],"about":[{"href":"https:\/\/www.europesays.com\/ee\/wp-json\/wp\/v2\/types\/post"}],"author":[{"embeddable":true,"href":"https:\/\/www.europesays.com\/ee\/wp-json\/wp\/v2\/users\/2"}],"replies":[{"embeddable":true,"href":"https:\/\/www.europesays.com\/ee\/wp-json\/wp\/v2\/comments?post=258978"}],"version-history":[{"count":0,"href":"https:\/\/www.europesays.com\/ee\/wp-json\/wp\/v2\/posts\/258978\/revisions"}],"wp:featuredmedia":[{"embeddable":true,"href":"https:\/\/www.europesays.com\/ee\/wp-json\/wp\/v2\/media\/258979"}],"wp:attachment":[{"href":"https:\/\/www.europesays.com\/ee\/wp-json\/wp\/v2\/media?parent=258978"}],"wp:term":[{"taxonomy":"category","embeddable":true,"href":"https:\/\/www.europesays.com\/ee\/wp-json\/wp\/v2\/categories?post=258978"},{"taxonomy":"post_tag","embeddable":true,"href":"https:\/\/www.europesays.com\/ee\/wp-json\/wp\/v2\/tags?post=258978"}],"curies":[{"name":"wp","href":"https:\/\/api.w.org\/{rel}","templated":true}]}}