{"id":258980,"date":"2026-08-23T18:40:12","date_gmt":"2026-08-23T18:40:12","guid":{"rendered":"https:\/\/www.europesays.com\/ee\/258980\/"},"modified":"2026-08-23T18:40:12","modified_gmt":"2026-08-23T18:40:12","slug":"viimsi-artiumi-galeriis-kohtusid-erso-ja-akvarellistid-uudised","status":"publish","type":"post","link":"https:\/\/www.europesays.com\/ee\/258980\/","title":{"rendered":"Viimsi Artiumi galeriis kohtusid ERSO ja akvarellistid | uudised"},"content":{"rendered":"<p>ERSO avas p\u00fchap\u00e4eval ootamatuid ruumikogemusi pakkuva audiospaa kontsertide uue hooaja Viimsi Artiumi t\u00fcnnigaleriis, kus on v\u00e4ljas Eesti akvarelllistide \u00fchenduse suurn\u00e4itus &#8220;Elu mere \u00e4\u00e4res&#8221;. Meditatiivne kontsert paitas k\u00f5rva minimalistlike muusikapaladega, samas kui silm puhkas ligi 40 akvarellisti rannaelut\u00f5lgendustel.<\/p>\n<p>Selle hooaja audiospaa sari r\u00e4ndab m\u00f6\u00f6da kauneid merevaatega kontserdipaiku.<\/p>\n<p>&#8220;Meil on mereteemaline audiospaa, neljast kontserdist koosnev. J\u00e4rgmine kontsert on Lennusadamas, Kai kunstisaalis, Kruiisiterminalis ja Tarus. M\u00f5tlesime sellise \u00fchise nimetaja peale nagu kultuuri- v\u00f5i merekilomeeter. Audiospaa on suunatud publikule, aga kava poolest on see muusikutele endile samasuguse v\u00e4\u00e4rtusega, kuna teosed, mida me esitame, ei ole sellised, mida me tavaliselt kontserdisaalis ette kanname. Need on meie mugavustsoonist v\u00e4ljas ja see on meile ka vabastav ja l\u00f5\u00f5gastav kogemus,&#8221; r\u00e4\u00e4kis ERSO t\u0161ellor\u00fchma kontsertmeister Theodor Sink.<\/p>\n<p>Artiumi t\u00fcnnigaleriisse tasub aga minna ka kunstis\u00f5pradel, sest seal avati sel n\u00e4dalal Eesti akvarellistide \u00fchingu suurn\u00e4itus, teiste seas on kohal ka t\u00f5elisi klassikuid.<\/p>\n<p>&#8220;Me oleme saanud siia Toomas Reinu, kes on meie absoluutne suurmeister, teosed. Me oleme saanud Naima Neidre, tema teosed ripuvad. Meil on siin palju v\u00e4ga hinnatud, tunnustatud autoreid, kelle ukse taga on j\u00e4rjekord. Ma usun, et paljud kollektsion\u00e4\u00e4rid leiavad siia tee ja saavad otse kunstnikega suhelda, sest meil on siin aadressidki kirjas,&#8221; lausus akvarellistide \u00fchenduse juhatuse liige Tiina Tammetalu.<\/p>\n<p>N\u00e4ituse teema oli asukohta silmas pidades &#8220;Elu mere \u00e4\u00e4res&#8221;, mida iga kunstnik on vastavalt oma n\u00e4gemusele avanud.<\/p>\n<p>&#8220;Meri on see, kellega Eesti inimesed on harjunud jagama oma muresid ja r\u00f5\u00f5me, nagu s\u00f5ber v\u00f5i pereliige, iga\u00fchel on mingi seos merega,&#8221; \u00fctles kuraator Tiina Tarve.<\/p>\n<p>Eesti akvarellistide mereteemaline suurn\u00e4itus Viimsi Artiumi t\u00fcnnigaleriis on avatud 27. septembrini.<\/p>\n","protected":false},"excerpt":{"rendered":"ERSO avas p\u00fchap\u00e4eval ootamatuid ruumikogemusi pakkuva audiospaa kontsertide uue hooaja Viimsi Artiumi t\u00fcnnigaleriis, kus on v\u00e4ljas Eesti akvarelllistide&hellip;\n","protected":false},"author":2,"featured_media":258981,"comment_status":"","ping_status":"","sticky":false,"template":"","format":"standard","meta":{"footnotes":"","_share_on_mastodon":"0"},"categories":[16],"tags":[100828,37,33,35,173,175,34,36,140,195,97575,7497],"class_list":["post-258980","post","type-post","status-publish","format-standard","has-post-thumbnail","category-meelelahutus","tag-akvarellistid","tag-ee","tag-eesti","tag-eesti-keel","tag-entertainment","tag-erso","tag-estonia","tag-estonian","tag-meelelahutus","tag-naitus","tag-tunnigalerii","tag-viimsi-artium"],"share_on_mastodon":{"url":"https:\/\/pubeurope.com\/@ee\/117146289662546820","error":""},"_links":{"self":[{"href":"https:\/\/www.europesays.com\/ee\/wp-json\/wp\/v2\/posts\/258980","targetHints":{"allow":["GET"]}}],"collection":[{"href":"https:\/\/www.europesays.com\/ee\/wp-json\/wp\/v2\/posts"}],"about":[{"href":"https:\/\/www.europesays.com\/ee\/wp-json\/wp\/v2\/types\/post"}],"author":[{"embeddable":true,"href":"https:\/\/www.europesays.com\/ee\/wp-json\/wp\/v2\/users\/2"}],"replies":[{"embeddable":true,"href":"https:\/\/www.europesays.com\/ee\/wp-json\/wp\/v2\/comments?post=258980"}],"version-history":[{"count":0,"href":"https:\/\/www.europesays.com\/ee\/wp-json\/wp\/v2\/posts\/258980\/revisions"}],"wp:featuredmedia":[{"embeddable":true,"href":"https:\/\/www.europesays.com\/ee\/wp-json\/wp\/v2\/media\/258981"}],"wp:attachment":[{"href":"https:\/\/www.europesays.com\/ee\/wp-json\/wp\/v2\/media?parent=258980"}],"wp:term":[{"taxonomy":"category","embeddable":true,"href":"https:\/\/www.europesays.com\/ee\/wp-json\/wp\/v2\/categories?post=258980"},{"taxonomy":"post_tag","embeddable":true,"href":"https:\/\/www.europesays.com\/ee\/wp-json\/wp\/v2\/tags?post=258980"}],"curies":[{"name":"wp","href":"https:\/\/api.w.org\/{rel}","templated":true}]}}