{"id":258984,"date":"2026-08-23T18:42:16","date_gmt":"2026-08-23T18:42:16","guid":{"rendered":"https:\/\/www.europesays.com\/ee\/258984\/"},"modified":"2026-08-23T18:42:16","modified_gmt":"2026-08-23T18:42:16","slug":"erko-aabrams-lopetas-f500-mm-hooaja-hobedaga","status":"publish","type":"post","link":"https:\/\/www.europesays.com\/ee\/258984\/","title":{"rendered":"Erko Aabrams l\u00f5petas F500 MM-hooaja h\u00f5bedaga"},"content":{"rendered":"<p class=\"PDq2pG_selectionAnchorContainer\">Aabramsi hooaeg ei alanud punktitabeli m\u00f5ttes ideaalselt, sest viiest MM-etapist esimesel katsetas meeskond uut tehnikat. Kuigi eesm\u00e4rk oli teha kogu hooaja perspektiivis samm edasi, t\u00e4hendas arendust\u00f6\u00f6 ka oluliste punktide loovutamist konkurentidele, vahendab Eesti Veemoto Liit pressiteates.<\/p>\n<p>Edasiste etappidega suutis Aabrams aga kiiresti tagasi MM-tiitliheitlusse t\u00f5usta ning hooaja \u00fcheks k\u00f5rghetkeks kujunes MM-hooaja Poolas toimunud teine etapp, mille Aabrams v\u00f5itis. \u201eK\u00f5ige rohkem l\u00e4ks mulle korda \u017bnini etapiv\u00f5it. Seal tegin 2006. aastal oma esimese F125 v\u00f5istluse ja n\u00fc\u00fcd, 20 aastat hiljem, sain samas kohas F500 MM-etapiv\u00f5idu. Sain oma asja tehtud,\u201c s\u00f5nas Aabrams.<\/p>\n<p>Veel viimase etapi eel oli Aabramsil teoreeriline MM-tiitli v\u00f5imalus, kuid esimese s\u00f5idu l\u00f5petas eestlane teisena.<\/p>\n<p>\u201eTreeningud ja ajas\u00f5it olid v\u00e4ga head ning v\u00f5tsime maksimumi sellest, mis meil v\u00f5tta oli. Esimeses s\u00f5idus asusin kohe juhtima, kuid m\u00f5ned ringiga mahaj\u00e4\u00e4jad j\u00e4id ette ja pidin minema liiga v\u00e4listrajektoorile. Zielinski kasutas v\u00f5imaluse \u00e4ra ning v\u00f5ttis seestpoolt liidrikoha,\u201c kirjeldas Aabrams toimunut.<\/p>\n<p>Aabrams oli hooajaga rahul<\/p>\n<p>P\u00fchap\u00e4eva hommikul muutis tugeva tuule t\u00f5ttu olukorra keeruliseks ka ilm, v\u00f5istluse korraldajad ootasid vaiksemat hetke ning l\u00f5puks \u00f5nnestus teine s\u00f5it siiski pidada. Selleks hetkeks oli Aabramsi v\u00f5imalus maailmameistriks tulla v\u00e4ga teoreetiline, sest eestlane pidanuks s\u00f5idu v\u00f5itma ja poolakas katkestama. <\/p>\n<p>Selle asemel hakkas aga hoopis Aabramsi paat jumpsima. \u201eS\u00f5it algas mul h\u00e4sti ja juhtisin taas, kuid kahjuks hakkas seekord minu enda tehnika m\u00e4rku andma. Zielinski v\u00f5itis vees enda MM-tiitli. Mul on hea meel, et suutsin enda paadi kuidagi \u00fcle fini\u0161ijoone tuua ning koju toome MM-h\u00f5beda,\u201c \u00fctles eestlane.<\/p>\n<p>Aabrams t\u00f5i hooajale tagasi vaadates esile eelk\u00f5ige meeskonna v\u00f5ime tulla toime keeruliste olukordadega. Tiitliheitluses oli suurim hoop Itaalias Borettos toimunud v\u00f5istlus, kus \u00f5nnetuse j\u00e4rel j\u00e4id punktid saamata.<\/p>\n<p>\u201eKahjuks andsime hooaja esimesel v\u00f5istlusel \u00e4ra palju olulisi punkte, sest katsetasime uut tehnikat, ning Boretto viimase s\u00f5idu \u00f5nnetus polnud kindlasti see, mida soovisime. Aga muidu olime terve hooaja tipus. Isegi tehniliste v\u00e4ljakutsete korral suutsime ennast alati esikolmikusse s\u00f5ita,\u201c m\u00e4rkis ta.<\/p>\n<p>MM-sarja k\u00f5rval t\u00f5i hooaeg Aabramsile juulis Harkus toimunud F500 Euroopa meistriv\u00f5istlustelt pronksmedali.<\/p>\n<p>\u201eMe andsime endast t\u00e4ieliku maksimumi. Suur t\u00e4nu Reigo Virrole ja tema perele, Tallinna Veemotoklubile ning k\u00f5ikidele s\u00f5pradele ja inimestele, kes meiega selle hooaja jooksul kaasas olid. Meid oli kokku \u00fcle 25 inimese, sellist tulemust ei tee \u00fcksinda,\u201c v\u00f5ttis ta hooaja kokku. \u201eKaks medalit \u00fche hooaja jooksul F500 klassis, seda pole minuga varem juhtunud.\u201c<\/p>\n<p>Kuidas see lugu Sind end tundma pani?Saada<a href=\"https:\/\/sport.delfi.ee\/artikkel\/120605546\/erko-aabrams-lopetas-f500-mm-hooaja-hobedaga\/kommentaarid\" class=\"button button--primary button--size-auto article-body-bottom__comment article-body-bottom__comment--write\" style=\"\" rel=\"nofollow noopener\" target=\"_blank\">Kommenteeri<\/a><a href=\"https:\/\/sport.delfi.ee\/artikkel\/120605546\/erko-aabrams-lopetas-f500-mm-hooaja-hobedaga\/kommentaarid\" class=\"button button--size-auto article-body-bottom__comment article-body-bottom__comment--read\" style=\"\" rel=\"nofollow noopener\" target=\"_blank\">Loe kommentaare <\/a><\/p>\n","protected":false},"excerpt":{"rendered":"Aabramsi hooaeg ei alanud punktitabeli m\u00f5ttes ideaalselt, sest viiest MM-etapist esimesel katsetas meeskond uut tehnikat. Kuigi eesm\u00e4rk oli&hellip;\n","protected":false},"author":2,"featured_media":258985,"comment_status":"","ping_status":"","sticky":false,"template":"","format":"standard","meta":{"footnotes":"","_share_on_mastodon":"0"},"categories":[14],"tags":[131,130,37,33,35,8686,34,36],"class_list":["post-258984","post","type-post","status-publish","format-standard","has-post-thumbnail","category-ari","tag-ari","tag-business","tag-ee","tag-eesti","tag-eesti-keel","tag-erko-aabrams","tag-estonia","tag-estonian"],"share_on_mastodon":{"url":"https:\/\/pubeurope.com\/@ee\/117146297407014795","error":""},"_links":{"self":[{"href":"https:\/\/www.europesays.com\/ee\/wp-json\/wp\/v2\/posts\/258984","targetHints":{"allow":["GET"]}}],"collection":[{"href":"https:\/\/www.europesays.com\/ee\/wp-json\/wp\/v2\/posts"}],"about":[{"href":"https:\/\/www.europesays.com\/ee\/wp-json\/wp\/v2\/types\/post"}],"author":[{"embeddable":true,"href":"https:\/\/www.europesays.com\/ee\/wp-json\/wp\/v2\/users\/2"}],"replies":[{"embeddable":true,"href":"https:\/\/www.europesays.com\/ee\/wp-json\/wp\/v2\/comments?post=258984"}],"version-history":[{"count":0,"href":"https:\/\/www.europesays.com\/ee\/wp-json\/wp\/v2\/posts\/258984\/revisions"}],"wp:featuredmedia":[{"embeddable":true,"href":"https:\/\/www.europesays.com\/ee\/wp-json\/wp\/v2\/media\/258985"}],"wp:attachment":[{"href":"https:\/\/www.europesays.com\/ee\/wp-json\/wp\/v2\/media?parent=258984"}],"wp:term":[{"taxonomy":"category","embeddable":true,"href":"https:\/\/www.europesays.com\/ee\/wp-json\/wp\/v2\/categories?post=258984"},{"taxonomy":"post_tag","embeddable":true,"href":"https:\/\/www.europesays.com\/ee\/wp-json\/wp\/v2\/tags?post=258984"}],"curies":[{"name":"wp","href":"https:\/\/api.w.org\/{rel}","templated":true}]}}