{"id":259128,"date":"2026-08-24T04:06:07","date_gmt":"2026-08-24T04:06:07","guid":{"rendered":"https:\/\/www.europesays.com\/ee\/259128\/"},"modified":"2026-08-24T04:06:07","modified_gmt":"2026-08-24T04:06:07","slug":"43-protsenti-vastajatest-toetab-ulle-madise-valimist-presidendiks-presidendivalimised","status":"publish","type":"post","link":"https:\/\/www.europesays.com\/ee\/259128\/","title":{"rendered":"43 protsenti vastajatest toetab \u00dclle Madise valimist presidendiks | presidendivalimised"},"content":{"rendered":"<p>43 protsenti vastajatest toetab \u00dclle Madise valimist presidendiks ning 36 protsenti ei toeta, selgus \u00dchiskonnauuringute Instituudi tellitud Norstati k\u00fcsitlusest.<\/p>\n<p>43 protsenti sisaldas nii vastuseid &#8220;jah&#8221; v\u00f5i &#8220;pigem jah&#8221; ning 36 protsenti &#8220;ei&#8221; v\u00f5i &#8220;pigem ei&#8221;. 21 protsenti vastanutest ei osanud oma seisukohta \u00f6elda.<\/p>\n<p>Madise valimist presidendiks toetas 83 protsenti Reformierakonna, 69 protsenti Parempoolsete, 69 protsenti SDE ja 57 protsenti Isamaa valijatest. Samal ajal EKRE valijatest 79 protsenti ning Keskerakonna valijatest 50 protsenti ei toeta Madise valimist.\u00a0\u00a0<\/p>\n<p>K\u00fcsitluses esitati vastajatele ka nimekiri presidendivalimistega seoses meediast l\u00e4bi k\u00e4inud nimedega ning paluti \u00f6elda, keda nad antud nimekirjast sooviks n\u00e4ha j\u00e4rgmise presidendina.<\/p>\n<p>Vastajate eelistused olid j\u00e4rgmised:<\/p>\n<p>\u00dclle Madise 29 protsenti, Mart Helme 12 protsenti, Tiit Land: 9 protsenti, Hannes Hanso 5 protsenti, Indrek Neivelt 3 protsenti, J\u00fcri Luik 2 protsenti, Riho \u00dchtegi: 2 protsenti, Jonatan Vseviov: 2 protsenti, Maive Rute 0,6 protsenti, Indrek Laul 0,3 protsenti, Matti Maasikas 0,2 protsenti.<\/p>\n<p>M\u00f5nda muud kandidaati tahaks n\u00e4ha 15, eelistust ei omanud 20 protsenti.<\/p>\n<p>Kodanikud ootavad Madiselt presidendi otsevalimiste algatamist<\/p>\n<p>Presidendivalimistega seoses k\u00fcsiti vastajatelt ka seda, kas Eesti presidenti peaks valima rahvas. 70 protsenti vastajatest \u00fctles &#8220;jah&#8221; v\u00f5i &#8220;pigem jah&#8221;, 22 protsenti &#8220;pigem ei&#8221; v\u00f5i &#8220;ei&#8221; ning kaheks aprotsenti \u00fctles &#8220;ei oska \u00f6elda&#8221;.\u00a0<\/p>\n<p>Presidendi otsevalimist pooldas 97 protsenti EKRE, 88 protsenti Keskerakonna, 74 protsenti Isamaa ning 54 protsenti Parempoolsete valijatest.<\/p>\n<p>Reformierakonna valijatest on 43 protsenti otsevalimise poolt ning samuti 43 protsenti selle vastu. SDE toetajatest on 54 protsenti otsevalimiste vastu.\u00a0<\/p>\n<p>Lisaks selgus k\u00fcsitlusest, et 66 protsendi vastajate arvates peaks uus president algatama p\u00f5hiseaduse muutmise eeln\u00f5u, et rahvas saaks presidenti otse valida ning 23 protsendi arvates ei peaks uus president seda tegema.\u00a0<\/p>\n<p>Norstati k\u00fcsitlus viidi l\u00e4bi 19. kuni 20.\u00a0\u00a0augustini veebikeskkonnas 18-aastaste ning vanemate Eesti kodanike seas ja selles osales kokku 1002 vastajat.<\/p>\n","protected":false},"excerpt":{"rendered":"43 protsenti vastajatest toetab \u00dclle Madise valimist presidendiks ning 36 protsenti ei toeta, selgus \u00dchiskonnauuringute Instituudi tellitud Norstati&hellip;\n","protected":false},"author":2,"featured_media":259129,"comment_status":"","ping_status":"","sticky":false,"template":"","format":"standard","meta":{"footnotes":"","_share_on_mastodon":"0"},"categories":[12],"tags":[26,27,37,33,35,34,36,31,32,21,28,29,19,1832,25,100853,23,24,22,3457,20,30],"class_list":["post-259128","post","type-post","status-publish","format-standard","has-post-thumbnail","category-eesti","tag-breaking-news","tag-breakingnews","tag-ee","tag-eesti","tag-eesti-keel","tag-estonia","tag-estonian","tag-featured-news","tag-featurednews","tag-headlines","tag-latest-news","tag-latestnews","tag-news","tag-norstat","tag-populaarseimad-lood","tag-presidenidvalimised","tag-top-stories","tag-topstories","tag-uldised-uudised","tag-ulle-madise","tag-uudised","tag-viimased-uudised"],"share_on_mastodon":{"url":"https:\/\/pubeurope.com\/@ee\/117148515586379579","error":""},"_links":{"self":[{"href":"https:\/\/www.europesays.com\/ee\/wp-json\/wp\/v2\/posts\/259128","targetHints":{"allow":["GET"]}}],"collection":[{"href":"https:\/\/www.europesays.com\/ee\/wp-json\/wp\/v2\/posts"}],"about":[{"href":"https:\/\/www.europesays.com\/ee\/wp-json\/wp\/v2\/types\/post"}],"author":[{"embeddable":true,"href":"https:\/\/www.europesays.com\/ee\/wp-json\/wp\/v2\/users\/2"}],"replies":[{"embeddable":true,"href":"https:\/\/www.europesays.com\/ee\/wp-json\/wp\/v2\/comments?post=259128"}],"version-history":[{"count":0,"href":"https:\/\/www.europesays.com\/ee\/wp-json\/wp\/v2\/posts\/259128\/revisions"}],"wp:featuredmedia":[{"embeddable":true,"href":"https:\/\/www.europesays.com\/ee\/wp-json\/wp\/v2\/media\/259129"}],"wp:attachment":[{"href":"https:\/\/www.europesays.com\/ee\/wp-json\/wp\/v2\/media?parent=259128"}],"wp:term":[{"taxonomy":"category","embeddable":true,"href":"https:\/\/www.europesays.com\/ee\/wp-json\/wp\/v2\/categories?post=259128"},{"taxonomy":"post_tag","embeddable":true,"href":"https:\/\/www.europesays.com\/ee\/wp-json\/wp\/v2\/tags?post=259128"}],"curies":[{"name":"wp","href":"https:\/\/api.w.org\/{rel}","templated":true}]}}