{"id":259132,"date":"2026-08-24T04:14:10","date_gmt":"2026-08-24T04:14:10","guid":{"rendered":"https:\/\/www.europesays.com\/ee\/259132\/"},"modified":"2026-08-24T04:14:10","modified_gmt":"2026-08-24T04:14:10","slug":"video-%e2%9f%a9-paide-kesklinnas-nagi-kihutamas-autoralli-eksmaailmameistrit-jarva-teataja","status":"publish","type":"post","link":"https:\/\/www.europesays.com\/ee\/259132\/","title":{"rendered":"VIDEO \u27e9 Paide kesklinnas n\u00e4gi kihutamas autoralli eksmaailmameistrit &#8211; J\u00e4rva Teataja"},"content":{"rendered":"<ol>\n<li><a href=\"https:\/\/news.google.com\/rss\/articles\/CBMirAFBVV95cUxNZ3RGSnRGaWxzTHdJU2JVVG9IdVJ3THFzTUJmRXIwcDZCMFd3RUtFWVphNGR4NEhxYkZia1dRNmFYVDE4b2RxX0piZEthTkdOYzBfbThsaVpma3dzTHVFTFNfemVCTFo4UHZ4M2wxV3drT1dIWmcxWEJldmpxNFR6RXlFVUJodDhObGRtZHlEbmhRX2xSZDdoMjlZUko0aElhejNHWXFHbmFRWlVF?oc=5\" target=\"_blank\" rel=\"nofollow noopener\">VIDEO \u27e9 Paide kesklinnas n\u00e4gi kihutamas autoralli eksmaailmameistrit<\/a>&nbsp;&nbsp;J\u00e4rva Teataja<\/li>\n<li><a href=\"https:\/\/news.google.com\/rss\/articles\/CBMiogFBVV95cUxPM2N3SHBsODhoYnFkNllNcWZIMmZRWVliOE9IWmszUnlITkNONzI3M05aT1p2VXQ5bmtYYXZmSHByVWJka01iNXlVSnRHNUZ5TkRlbFhiLURyZzJXUUJYXzhMcFZSX1F5bVpPbEhBMnJ6OFk2WWJLejZkdTZPZGdTU0Q1NV83QnY4Qk1CbEloMVRnRzRNSmRmdTJnZnhDWlJYMEE?oc=5\" target=\"_blank\" rel=\"nofollow noopener\">T\u00e4nak ja J\u00e4rveoja stardivad Toyotaga USA-s toimuval rallil<\/a>&nbsp;&nbsp;Delfi Sport<\/li>\n<li><a href=\"https:\/\/news.google.com\/rss\/articles\/CBMizwFBVV95cUxPU3JjZXlpcFJhSUczRjVwU1cwYmdUSGdrWS1kdnRPWEVzVVFsdmhjRmxsUzFzYkF4c01VU0ZxX0g5M21wSnJwTjIxUmhheHlRZ202X28yZDhUQUFGcXJBd1lxMjdEbUZXSkZNYVNrZUJIR191bmFRWlprUjRpZU90eXZrcTFHWUlPb1VFYWN6NUFWSVgzdldCTk9tTGJUdm1TMkJWMzVtd0gzUzlvNVBRSjl5a0MyYS1JQWxudDBIc1A0SVRUaDVVdWJ4RHB4Zjg?oc=5\" target=\"_blank\" rel=\"nofollow noopener\">V\u00e4ga lubavad m\u00e4rgid tuleva hooaja osas! T\u00e4nak ja J\u00e4rveoja osalevad rallil, mis p\u00fcrgib MM-sarja<\/a>&nbsp;&nbsp;Inbox.eu<\/li>\n<li><a href=\"https:\/\/news.google.com\/rss\/articles\/CBMihwFBVV95cUxQbnpRcFF4eW1aOWdSOXY2ZElLWnRpZzVTc3dlRFNHYjVad2gxV0VuR1FtYmJ5YkNFM214eG5qTEd0bG1XOUJpSWw0SmZONFQzZ3ZPb3UwNlBNT3RJVHg5dURWN1p3UzEwSmk2Ynl2b2dCMjVvZDFWSmVfQjNEZ3ltOUR1Wm9DMlk?oc=5\" target=\"_blank\" rel=\"nofollow noopener\">T\u00e4nak ja J\u00e4rveoja osalevad USA-s toimuval rallil<\/a>&nbsp;&nbsp;sport | ERR<\/li>\n<li><a href=\"https:\/\/news.google.com\/rss\/articles\/CBMilwFBVV95cUxPMGRNM0hub0VZU19wZC16NGY5NzFpTTk1ZWhrX0lCcXhtNmR4LXF6dFg5TVB3SG5sTUtLazNRUzFkRV9lUTA2ay1LQWhlRkNSa3ZTSFVBZTRWN2RLYU1BcFl4RWRMXzVua2ZDLVJFWUw0djNUcWsyd3k3RWhwOFFxc3NrNDh0bnVyeC1pb0JQZmZGaTcwQ2pZ?oc=5\" target=\"_blank\" rel=\"nofollow noopener\">Ott T\u00e4nak ja Martin J\u00e4rveoja stardivad WRC-kalendrisse p\u00fcrgival USA rallil<\/a>&nbsp;&nbsp;Ralli.ee<\/li>\n<\/ol>\n","protected":false},"excerpt":{"rendered":"VIDEO \u27e9 Paide kesklinnas n\u00e4gi kihutamas autoralli eksmaailmameistrit&nbsp;&nbsp;J\u00e4rva Teataja T\u00e4nak ja J\u00e4rveoja stardivad Toyotaga USA-s toimuval rallil&nbsp;&nbsp;Delfi Sport&hellip;\n","protected":false},"author":2,"featured_media":259133,"comment_status":"","ping_status":"","sticky":false,"template":"","format":"standard","meta":{"footnotes":"","_share_on_mastodon":"0"},"categories":[18],"tags":[37,33,35,34,36,907,99828,93497,8661,159,158],"class_list":["post-259132","post","type-post","status-publish","format-standard","has-post-thumbnail","category-sport","tag-ee","tag-eesti","tag-eesti-keel","tag-estonia","tag-estonian","tag-paide","tag-paide-rally","tag-rally","tag-rally2","tag-sport","tag-sports"],"share_on_mastodon":{"url":"https:\/\/pubeurope.com\/@ee\/117148546885890813","error":""},"_links":{"self":[{"href":"https:\/\/www.europesays.com\/ee\/wp-json\/wp\/v2\/posts\/259132","targetHints":{"allow":["GET"]}}],"collection":[{"href":"https:\/\/www.europesays.com\/ee\/wp-json\/wp\/v2\/posts"}],"about":[{"href":"https:\/\/www.europesays.com\/ee\/wp-json\/wp\/v2\/types\/post"}],"author":[{"embeddable":true,"href":"https:\/\/www.europesays.com\/ee\/wp-json\/wp\/v2\/users\/2"}],"replies":[{"embeddable":true,"href":"https:\/\/www.europesays.com\/ee\/wp-json\/wp\/v2\/comments?post=259132"}],"version-history":[{"count":0,"href":"https:\/\/www.europesays.com\/ee\/wp-json\/wp\/v2\/posts\/259132\/revisions"}],"wp:featuredmedia":[{"embeddable":true,"href":"https:\/\/www.europesays.com\/ee\/wp-json\/wp\/v2\/media\/259133"}],"wp:attachment":[{"href":"https:\/\/www.europesays.com\/ee\/wp-json\/wp\/v2\/media?parent=259132"}],"wp:term":[{"taxonomy":"category","embeddable":true,"href":"https:\/\/www.europesays.com\/ee\/wp-json\/wp\/v2\/categories?post=259132"},{"taxonomy":"post_tag","embeddable":true,"href":"https:\/\/www.europesays.com\/ee\/wp-json\/wp\/v2\/tags?post=259132"}],"curies":[{"name":"wp","href":"https:\/\/api.w.org\/{rel}","templated":true}]}}