{"id":259154,"date":"2026-08-24T04:50:22","date_gmt":"2026-08-24T04:50:22","guid":{"rendered":"https:\/\/www.europesays.com\/ee\/259154\/"},"modified":"2026-08-24T04:50:22","modified_gmt":"2026-08-24T04:50:22","slug":"briti-leht-venemaa-viib-labi-kampaaniat-euroopa-relvatehaste-vastu-milrem-on-varskeim-naide","status":"publish","type":"post","link":"https:\/\/www.europesays.com\/ee\/259154\/","title":{"rendered":"Briti leht: Venemaa viib l\u00e4bi kampaaniat Euroopa relvatehaste vastu, Milrem on v\u00e4rskeim n\u00e4ide"},"content":{"rendered":"<p class=\"western\">Allikate s\u00f5nul palkab Vene luure \u00fclesandeid l\u00e4bi viima kohalikke kurjategijaid ning r\u00fcnnakuid kalibreeritake hoolikalt, et nende ohvriks langenud riigil poleks v\u00f5imalik kaevata v\u00e4lisagressiooni \u00fcle ja kutsuda appi NATO liitlasi.<\/p>\n<p class=\"western\">V\u00e4rskeimaks n\u00e4iteks tuuakse <a rel=\"noopener nofollow\" target=\"_blank\" href=\"https:\/\/www.delfi.ee\/teema\/31122441\/eesti\" tag-id=\"31122441\">Eesti<\/a> firma <a rel=\"noopener nofollow\" target=\"_blank\" href=\"https:\/\/www.delfi.ee\/teema\/82624451\/milrem-robotics\" tag-id=\"82624451\">Milrem Robotics<\/a> hoone s\u00fc\u00fctamine 15. augustil, millele j\u00e4rgnes kolme kahtlusaluse kinnipidamine <a rel=\"noopener nofollow\" target=\"_blank\" href=\"https:\/\/www.delfi.ee\/teema\/26016109\/lati\" tag-id=\"26016109\">L\u00e4tis<\/a>. NATO allikate s\u00f5nul on see juhtum osa laiemast mustrist. \u201eViimastel aastatel on <a rel=\"noopener nofollow\" target=\"_blank\" href=\"https:\/\/www.delfi.ee\/teema\/3\/venemaa\" tag-id=\"3\">Venemaa<\/a> destabiliseerivate kampaaniate tempo liitlasriikides kasvanud, v\u00e4ljendudes k\u00fcberr\u00fcnnakutes, tapmiskatsetes ja sabotaa\u017eiaktides,\u201c t\u00f5des \u00fcks NATO ametnik.<\/p>\n<p class=\"western\">10. augustil toimus tugev plahvatus <a rel=\"noopener nofollow\" target=\"_blank\" href=\"https:\/\/www.delfi.ee\/teema\/26663591\/bulgaaria\" tag-id=\"26663591\">Bulgaaria<\/a> \u00fche suurima relvatootja EMKO tehases, kus toodetakse Ukrainale m\u00f5eldud 155-millimeetrit laskemoona. 13. augustil toimus plahvatus Rooma l\u00e4histel Itaalia relvatootja KNDS Ammo laskemoonatehases.<\/p>\n<p class=\"western\">M\u00e4rtsis puhkes tulekahju <a rel=\"noopener nofollow\" target=\"_blank\" href=\"https:\/\/www.delfi.ee\/teema\/28360051\/tsehhi\" tag-id=\"28360051\">T\u0161ehhi<\/a> relvatootja LPP Holding laohoones. Firma toodab Ukrainale m\u00f5eldud droone ja vaatlusseadmeid, kinni peeti neli inimest. Meenutatakse ka varasemaid r\u00fcnnakuid. <a rel=\"noopener nofollow\" target=\"_blank\" href=\"https:\/\/www.delfi.ee\/teema\/28034759\/leedu\" tag-id=\"28034759\">Leedus<\/a> peeti t\u00e4navu kinni kuus inimest, keda kahtlustatakse 2024. aastal toimuud r\u00fcnnakukatses raadiolainete skannerite tehase vastu.<\/p>\n<p>Kuidas see lugu Sind end tundma pani?Saada<a href=\"https:\/\/www.delfi.ee\/artikkel\/120605563\/briti-leht-venemaa-viib-labi-kampaaniat-euroopa-relvatehaste-vastu-milrem-on-varskeim-naide\/kommentaarid\" class=\"button button--primary button--size-auto article-body-bottom__comment article-body-bottom__comment--write\" style=\"\" rel=\"nofollow noopener\" target=\"_blank\">Kommenteeri<\/a><a href=\"https:\/\/www.delfi.ee\/artikkel\/120605563\/briti-leht-venemaa-viib-labi-kampaaniat-euroopa-relvatehaste-vastu-milrem-on-varskeim-naide\/kommentaarid\" class=\"button button--size-auto article-body-bottom__comment article-body-bottom__comment--read\" style=\"\" rel=\"nofollow noopener\" target=\"_blank\">Loe kommentaare (4)<\/a><\/p>\n","protected":false},"excerpt":{"rendered":"Allikate s\u00f5nul palkab Vene luure \u00fclesandeid l\u00e4bi viima kohalikke kurjategijaid ning r\u00fcnnakuid kalibreeritake hoolikalt, et nende ohvriks langenud&hellip;\n","protected":false},"author":2,"featured_media":259155,"comment_status":"","ping_status":"","sticky":false,"template":"","format":"standard","meta":{"footnotes":"","_share_on_mastodon":"0"},"categories":[12],"tags":[26,27,2310,37,33,35,34,36,31,32,21,28,29,114,115,8549,19,25,23,24,116,22,20,96,30],"class_list":["post-259154","post","type-post","status-publish","format-standard","has-post-thumbnail","category-eesti","tag-breaking-news","tag-breakingnews","tag-bulgaaria","tag-ee","tag-eesti","tag-eesti-keel","tag-estonia","tag-estonian","tag-featured-news","tag-featurednews","tag-headlines","tag-latest-news","tag-latestnews","tag-lati","tag-leedu","tag-milrem-robotics","tag-news","tag-populaarseimad-lood","tag-top-stories","tag-topstories","tag-tsehhi","tag-uldised-uudised","tag-uudised","tag-venemaa","tag-viimased-uudised"],"share_on_mastodon":{"url":"https:\/\/pubeurope.com\/@ee\/117148688467971000","error":""},"_links":{"self":[{"href":"https:\/\/www.europesays.com\/ee\/wp-json\/wp\/v2\/posts\/259154","targetHints":{"allow":["GET"]}}],"collection":[{"href":"https:\/\/www.europesays.com\/ee\/wp-json\/wp\/v2\/posts"}],"about":[{"href":"https:\/\/www.europesays.com\/ee\/wp-json\/wp\/v2\/types\/post"}],"author":[{"embeddable":true,"href":"https:\/\/www.europesays.com\/ee\/wp-json\/wp\/v2\/users\/2"}],"replies":[{"embeddable":true,"href":"https:\/\/www.europesays.com\/ee\/wp-json\/wp\/v2\/comments?post=259154"}],"version-history":[{"count":0,"href":"https:\/\/www.europesays.com\/ee\/wp-json\/wp\/v2\/posts\/259154\/revisions"}],"wp:featuredmedia":[{"embeddable":true,"href":"https:\/\/www.europesays.com\/ee\/wp-json\/wp\/v2\/media\/259155"}],"wp:attachment":[{"href":"https:\/\/www.europesays.com\/ee\/wp-json\/wp\/v2\/media?parent=259154"}],"wp:term":[{"taxonomy":"category","embeddable":true,"href":"https:\/\/www.europesays.com\/ee\/wp-json\/wp\/v2\/categories?post=259154"},{"taxonomy":"post_tag","embeddable":true,"href":"https:\/\/www.europesays.com\/ee\/wp-json\/wp\/v2\/tags?post=259154"}],"curies":[{"name":"wp","href":"https:\/\/api.w.org\/{rel}","templated":true}]}}