{"id":259248,"date":"2026-08-24T07:00:08","date_gmt":"2026-08-24T07:00:08","guid":{"rendered":"https:\/\/www.europesays.com\/ee\/259248\/"},"modified":"2026-08-24T07:00:08","modified_gmt":"2026-08-24T07:00:08","slug":"usa-lubab-iraani-vastu-ajaloo-suurimat-finantsoperatsiooni","status":"publish","type":"post","link":"https:\/\/www.europesays.com\/ee\/259248\/","title":{"rendered":"USA lubab Iraani vastu ajaloo suurimat finantsoperatsiooni"},"content":{"rendered":"<p class=\"western\">Bessenti s\u00f5nul on tegu suurima \u201erahandusliku r\u00fcndeoperatsiooniga\u201e, mida ajalugu eales n\u00e4inud on. Detailid teatatakse esmasp\u00e4eval toimuval pressikonverentsil, kuid arvatavasti on plaanis pigem olemasolevate sanktsioonide karmim j\u00f5ustamine kui uute kehtestamine, vahendab CNN. Eelk\u00f5ige on plaanis alustada Iraani ja eriti selle naftasektoriga koost\u00f6\u00f6d tegevate v\u00e4lisettev\u00f5tete pitsitamist.<\/p>\n<p class=\"western\">USA president <a rel=\"noopener nofollow\" target=\"_blank\" href=\"https:\/\/www.delfi.ee\/teema\/32758637\/donald-trump\" tag-id=\"32758637\">Donald Trump<\/a> lubas p\u00fchap\u00e4eval, et sihikul on k\u00f5ik Iraaniga koost\u00f6\u00f6d tegevad riigid. Teoreetiliselt h\u00f5lmaks see ka n\u00e4iteks Hiinat ja Venemaad, kuigi detaile pole Trump kinnitanud. \u201eIga riiki, kes lubab oma rahandusasutustel, firmadel, lennujaamadel v\u00f5i valitsusorganitel Iraanile mis tahes p\u00e4\u00e4ster\u00f5ngast pakkuda, tabavad tohutud majanduslikud tagaj\u00e4rjed,\u201c kirjutas Trump portaalis Truth Social.<\/p>\n<p class=\"western\">Eelmisel teisip\u00e4eval teatas Araabia \u00dchendemiraatide valitsus, et l\u00f5petab Iraani raketir\u00fcnnakute t\u00f5ttu igasuguse kaubanduse ja finantskoost\u00f6\u00f6 Iraaniga. Enne s\u00f5da tuli \u00fcle 30% Iraani importkaupadest A\u00dcE-st.<\/p>\n<p class=\"western\">Iraani julgeolekun\u00f5ukogu sekret\u00e4r ja uuendatud re\u017eiimi \u00fcks m\u00f5jukamaid tegelasi <a rel=\"noopener nofollow\" target=\"_blank\" href=\"https:\/\/www.delfi.ee\/teema\/96945271\/mohsen-rezaei\" tag-id=\"96945271\">Mohsen Rezaei<\/a> \u00fctles p\u00fchap\u00e4eval, et kui majanduss\u00f5da tema riigi vastu j\u00e4tkub, astub Iraan samme selleks, et Hormuzi v\u00e4inast ega mujalt P\u00e4rsia lahelt ei j\u00f5uaks maailmaturule tilkagi araabiamaade naftat. \u201eIraan t\u00f5lgendab mis tahes riigi osalemist USA majanduss\u00f5jas s\u00f5jalise sammuga,\u201c \u00fctles Rezaei.<\/p>\n<p class=\"western\">Uudis sanktsioonide karmistamisest tekitas rahvusvahelistel turgudel samal ajal optimismi, kuna majandusliku surve \u00e4hvardused viitavad, et esialgu l\u00fckkub suurema s\u00f5jalise eskalatsiooni oht Iraanis ilmselt edasi. Brenti toornafta hind on langustrendis ning j\u00e4i esmasp\u00e4eva hommikuks alla 93 dollari.<\/p>\n<p class=\"western\">M\u00e4rgina k\u00f5neluste j\u00e4tkumisest k\u00fclastavad Iraani sel n\u00e4dalal rahuvahendajatest riikide k\u00f5rged esindajad. Esmasp\u00e4eval viibib Teheranis Pakistani m\u00f5juv\u00f5imas armeejuht Amir Munir. Teisip\u00e4eval saabub Iraani pealinna Omaani v\u00e4lisminister Sayyid Badr Albusaidi, kes j\u00e4tkab k\u00f5nelusi Hormuzi v\u00e4ina liikluse korraldamise teemal, kui kaubandus t\u00e4ismahus taastuma peaks.<\/p>\n","protected":false},"excerpt":{"rendered":"Bessenti s\u00f5nul on tegu suurima \u201erahandusliku r\u00fcndeoperatsiooniga\u201e, mida ajalugu eales n\u00e4inud on. Detailid teatatakse esmasp\u00e4eval toimuval pressikonverentsil, kuid&hellip;\n","protected":false},"author":2,"featured_media":259249,"comment_status":"","ping_status":"","sticky":false,"template":"","format":"standard","meta":{"footnotes":"","_share_on_mastodon":"0"},"categories":[14],"tags":[131,130,324,37,33,35,34,36,1925,55505,100884,11940,325],"class_list":["post-259248","post","type-post","status-publish","format-standard","has-post-thumbnail","category-ari","tag-ari","tag-business","tag-donald-trump","tag-ee","tag-eesti","tag-eesti-keel","tag-estonia","tag-estonian","tag-iraan","tag-lahis-ida-soda","tag-mohsen-rezaei","tag-scott-bessent","tag-usa"],"share_on_mastodon":{"url":"https:\/\/pubeurope.com\/@ee\/117149199727558567","error":""},"_links":{"self":[{"href":"https:\/\/www.europesays.com\/ee\/wp-json\/wp\/v2\/posts\/259248","targetHints":{"allow":["GET"]}}],"collection":[{"href":"https:\/\/www.europesays.com\/ee\/wp-json\/wp\/v2\/posts"}],"about":[{"href":"https:\/\/www.europesays.com\/ee\/wp-json\/wp\/v2\/types\/post"}],"author":[{"embeddable":true,"href":"https:\/\/www.europesays.com\/ee\/wp-json\/wp\/v2\/users\/2"}],"replies":[{"embeddable":true,"href":"https:\/\/www.europesays.com\/ee\/wp-json\/wp\/v2\/comments?post=259248"}],"version-history":[{"count":0,"href":"https:\/\/www.europesays.com\/ee\/wp-json\/wp\/v2\/posts\/259248\/revisions"}],"wp:featuredmedia":[{"embeddable":true,"href":"https:\/\/www.europesays.com\/ee\/wp-json\/wp\/v2\/media\/259249"}],"wp:attachment":[{"href":"https:\/\/www.europesays.com\/ee\/wp-json\/wp\/v2\/media?parent=259248"}],"wp:term":[{"taxonomy":"category","embeddable":true,"href":"https:\/\/www.europesays.com\/ee\/wp-json\/wp\/v2\/categories?post=259248"},{"taxonomy":"post_tag","embeddable":true,"href":"https:\/\/www.europesays.com\/ee\/wp-json\/wp\/v2\/tags?post=259248"}],"curies":[{"name":"wp","href":"https:\/\/api.w.org\/{rel}","templated":true}]}}