{"id":259270,"date":"2026-08-24T07:33:08","date_gmt":"2026-08-24T07:33:08","guid":{"rendered":"https:\/\/www.europesays.com\/ee\/259270\/"},"modified":"2026-08-24T07:33:08","modified_gmt":"2026-08-24T07:33:08","slug":"talviku-ja-leok-tegid-hollandi-etapil-silmapaistva-esituse","status":"publish","type":"post","link":"https:\/\/www.europesays.com\/ee\/259270\/","title":{"rendered":"Talviku ja Leok tegid Hollandi etapil silmapaistva esituse"},"content":{"rendered":"<p>Fanticu tehasetiimi ridades MM-sarja tippklassis s\u00f5itev Talviku takerdus esimese s\u00f5idu stardis teise s\u00f5itja taha ning langes v\u00f5istlejaterivi l\u00f5ppu ehk 32. kohale.<\/p>\n<p>Kehv start eestlast ei murdnud. Ta v\u00f5itles tagasi punktikohtadele ning \u00fcletas fini\u0161ijoone 15ndana. S\u00f5idu v\u00f5itis Hollandi superstaar Jeffrey Herlings, kes edestas kaasmaalast Kay de Wolfi peaaegu nelja sekundiga. Liidriga samal ringil l\u00f5petasid kaheksa paremat.<\/p>\n<p>Teise s\u00f5idu start l\u00e4ks 23-aastasel eestlasel paremini. T\u00e4nu sellele l\u00f5petas ta 13ndana. Ka selle s\u00f5idu v\u00f5itis Herlings, kes tegi ringiga \u00e4ra ka kaheksandana l\u00f5petanud neljakordsele tippklassi maailmameistrile Tim Gajserile.<\/p>\n<p>Talviku sai kahe s\u00f5idu kokkuv\u00f5ttes 16. koha, mis paberil pole midagi erilist, kuna eelmisel etapil Rootsis l\u00f5petas ta koha v\u00f5rra k\u00f5rgemal. Kuid seekord j\u00e4i koht esik\u00fcmnes k\u00f5igest kahe punkti kaugusele.<\/p>\n<p>Teise s\u00f5idu 13. koht t\u00e4histab Talviku Fanticu-perioodi parimat tulemust.<\/p>\n<p>Etapi v\u00f5itis Herlings (50 punkti), kellele j\u00e4rgnesid de Wolf (44) ja Tom Vialle (38).<\/p>\n<p>Arnhemis toimus MM-etapiga paralleelselt ka EM-etapp, kus EMX250 klassis n\u00e4itas head hoogu Sebastian Leok. Avas\u00f5idus kaheksandana l\u00f5petanud eestlane sai teises s\u00f5idus hea stardi ning \u00fcletas fini\u0161ijoone viiendana, kaotades m\u00f5lemad s\u00f5idud v\u00f5itnud Nicolai Skovbjergile 53 sekundiga.<\/p>\n<p>Etapi kokkuv\u00f5ttes teenis Leok viienda koha. Olukorras, kus EM-sarja hooaja l\u00f5puni on j\u00e4\u00e4nud veel vaid \u00fcks etapp, hoiab Leok 147 punktiga 12. kohta. Esik\u00fcmnest lahutab teda kaheksa silma.<\/p>\n<p>MM-sari j\u00e4tkub septembri esimesel n\u00e4dalavahetusel T\u00fcrgis. Samal ajal toimub EM-sarja viimane etapp.<\/p>\n","protected":false},"excerpt":{"rendered":"Fanticu tehasetiimi ridades MM-sarja tippklassis s\u00f5itev Talviku takerdus esimese s\u00f5idu stardis teise s\u00f5itja taha ning langes v\u00f5istlejaterivi l\u00f5ppu&hellip;\n","protected":false},"author":2,"featured_media":259271,"comment_status":"","ping_status":"","sticky":false,"template":"","format":"standard","meta":{"footnotes":"","_share_on_mastodon":"0"},"categories":[18],"tags":[37,33,35,100895,34,36,7535,82526,67507,159,158],"class_list":["post-259270","post","type-post","status-publish","format-standard","has-post-thumbnail","category-sport","tag-ee","tag-eesti","tag-eesti-keel","tag-emx","tag-estonia","tag-estonian","tag-jorgen-matthias-talviku","tag-mxgp","tag-sebastian-leok","tag-sport","tag-sports"],"share_on_mastodon":{"url":"https:\/\/pubeurope.com\/@ee\/117149329432166483","error":""},"_links":{"self":[{"href":"https:\/\/www.europesays.com\/ee\/wp-json\/wp\/v2\/posts\/259270","targetHints":{"allow":["GET"]}}],"collection":[{"href":"https:\/\/www.europesays.com\/ee\/wp-json\/wp\/v2\/posts"}],"about":[{"href":"https:\/\/www.europesays.com\/ee\/wp-json\/wp\/v2\/types\/post"}],"author":[{"embeddable":true,"href":"https:\/\/www.europesays.com\/ee\/wp-json\/wp\/v2\/users\/2"}],"replies":[{"embeddable":true,"href":"https:\/\/www.europesays.com\/ee\/wp-json\/wp\/v2\/comments?post=259270"}],"version-history":[{"count":0,"href":"https:\/\/www.europesays.com\/ee\/wp-json\/wp\/v2\/posts\/259270\/revisions"}],"wp:featuredmedia":[{"embeddable":true,"href":"https:\/\/www.europesays.com\/ee\/wp-json\/wp\/v2\/media\/259271"}],"wp:attachment":[{"href":"https:\/\/www.europesays.com\/ee\/wp-json\/wp\/v2\/media?parent=259270"}],"wp:term":[{"taxonomy":"category","embeddable":true,"href":"https:\/\/www.europesays.com\/ee\/wp-json\/wp\/v2\/categories?post=259270"},{"taxonomy":"post_tag","embeddable":true,"href":"https:\/\/www.europesays.com\/ee\/wp-json\/wp\/v2\/tags?post=259270"}],"curies":[{"name":"wp","href":"https:\/\/api.w.org\/{rel}","templated":true}]}}