{"id":259274,"date":"2026-08-24T07:35:08","date_gmt":"2026-08-24T07:35:08","guid":{"rendered":"https:\/\/www.europesays.com\/ee\/259274\/"},"modified":"2026-08-24T07:35:08","modified_gmt":"2026-08-24T07:35:08","slug":"lvivis-pussitati-surmavalt-varbamisametnikku-delfi","status":"publish","type":"post","link":"https:\/\/www.europesays.com\/ee\/259274\/","title":{"rendered":"Lvivis pussitati surmavalt v\u00e4rbamisametnikku &#8211; Delfi"},"content":{"rendered":"<p>Pussitamine leidis aset rutiinse dokumentide kontrollimise ajal. V\u00e4rbamisametnik suri, vaatamata arstide pingutustele, kiirabis teel haiglasse. <\/p>\n<p class=\"Paragraph SCXW13288472 BCX2\">V\u00e4idetavat tapjat tulistas kannatanuga kaasas olnud politseinik kinnipidamise k\u00e4igus jalga. Praegu on kahtlusalune kinnipeetud ja algatatud on juurdlus. <\/p>\n<p class=\"Paragraph SCXW13288472 BCX2\">Intsidenti kinnitas ka Lvivi oblasti kuberner Maks\u00f5m Koz\u00f5tski. <\/p>\n<p class=\"Paragraph SCXW13288472 BCX2\">Alates t\u00e4iemahlulise s\u00f5ja algusest on v\u00e4rbamisametnike vastu tehtud k\u00fcmneid r\u00fcnnakuid eri <a rel=\"noopener nofollow\" target=\"_blank\" href=\"https:\/\/www.delfi.ee\/teema\/25048531\/ukraina\" tag-id=\"25048531\">Ukraina<\/a> paigus, sealhulgas Lvivis.  <\/p>\n<p class=\"Paragraph SCXW13288472 BCX2\">V\u00e4rbamisametnike r\u00fcndamine on \u00fcks tahk \u00fcha kasvamast \u00fchiskondlikust ja poliitilisest sundmobilisatsiooni probleemist.  <\/p>\n<p class=\"Paragraph SCXW13288472 BCX2\">Aina s\u00fcvenev elavj\u00f5u puudus sunnib Ukrainat suurendama mobilisatsiooni mahtu. Samal ajal s\u00fc\u00fcdistatakse v\u00e4rbamiskeskusi sunniviisilises v\u00e4rbamises, mis l\u00e4heb vastuollu kodaniku \u00f5igustega. <\/p>\n<p class=\"Paragraph SCXW13288472 BCX2\">Ukrainas on \u00fcha rohkem juhtumeid, kus mehi t\u00e4naval kinni peetakse, sest vajadus s\u00f5durite j\u00e4rgi on niiv\u00f5rd suur. <\/p>\n<p class=\"Paragraph SCXW13288472 BCX2\">Alates s\u00f5jaseisukorra kehtestamisest on Ukraina relvaj\u00f5ududel \u00f5igus mobiliseerida k\u00f5iki mehi vanuses 25 kuni 60.  <\/p>\n<p>Kuidas see lugu Sind end tundma pani?Saada<a href=\"https:\/\/www.delfi.ee\/artikkel\/120605589\/lvivis-pussitati-surmavalt-varbamisametniku\/kommentaarid\" class=\"button button--primary button--size-auto article-body-bottom__comment article-body-bottom__comment--write\" style=\"\" rel=\"nofollow noopener\" target=\"_blank\">Kommenteeri<\/a><a href=\"https:\/\/www.delfi.ee\/artikkel\/120605589\/lvivis-pussitati-surmavalt-varbamisametniku\/kommentaarid\" class=\"button button--size-auto article-body-bottom__comment article-body-bottom__comment--read\" style=\"\" rel=\"nofollow noopener\" target=\"_blank\">Loe kommentaare <\/a><\/p>\n","protected":false},"excerpt":{"rendered":"Pussitamine leidis aset rutiinse dokumentide kontrollimise ajal. V\u00e4rbamisametnik suri, vaatamata arstide pingutustele, kiirabis teel haiglasse. V\u00e4idetavat tapjat tulistas&hellip;\n","protected":false},"author":2,"featured_media":259275,"comment_status":"","ping_status":"","sticky":false,"template":"","format":"standard","meta":{"footnotes":"","_share_on_mastodon":"0"},"categories":[80],"tags":[26,27,37,33,35,34,36,31,32,21,28,29,3629,95,6822,19,25,107,23,24,262,23773,124,22,20,1926,30,92,93,94],"class_list":["post-259274","post","type-post","status-publish","format-standard","has-post-thumbnail","category-maailm","tag-breaking-news","tag-breakingnews","tag-ee","tag-eesti","tag-eesti-keel","tag-estonia","tag-estonian","tag-featured-news","tag-featurednews","tag-headlines","tag-latest-news","tag-latestnews","tag-lviv","tag-maailm","tag-mobilisatsioon","tag-news","tag-populaarseimad-lood","tag-soda-ukrainas","tag-top-stories","tag-topstories","tag-ukraina","tag-ukraina-konflikt","tag-ukraina-soda","tag-uldised-uudised","tag-uudised","tag-venemaa-ukraina-soda","tag-viimased-uudised","tag-world","tag-world-news","tag-worldnews"],"share_on_mastodon":{"url":"https:\/\/pubeurope.com\/@ee\/117149337131801069","error":""},"_links":{"self":[{"href":"https:\/\/www.europesays.com\/ee\/wp-json\/wp\/v2\/posts\/259274","targetHints":{"allow":["GET"]}}],"collection":[{"href":"https:\/\/www.europesays.com\/ee\/wp-json\/wp\/v2\/posts"}],"about":[{"href":"https:\/\/www.europesays.com\/ee\/wp-json\/wp\/v2\/types\/post"}],"author":[{"embeddable":true,"href":"https:\/\/www.europesays.com\/ee\/wp-json\/wp\/v2\/users\/2"}],"replies":[{"embeddable":true,"href":"https:\/\/www.europesays.com\/ee\/wp-json\/wp\/v2\/comments?post=259274"}],"version-history":[{"count":0,"href":"https:\/\/www.europesays.com\/ee\/wp-json\/wp\/v2\/posts\/259274\/revisions"}],"wp:featuredmedia":[{"embeddable":true,"href":"https:\/\/www.europesays.com\/ee\/wp-json\/wp\/v2\/media\/259275"}],"wp:attachment":[{"href":"https:\/\/www.europesays.com\/ee\/wp-json\/wp\/v2\/media?parent=259274"}],"wp:term":[{"taxonomy":"category","embeddable":true,"href":"https:\/\/www.europesays.com\/ee\/wp-json\/wp\/v2\/categories?post=259274"},{"taxonomy":"post_tag","embeddable":true,"href":"https:\/\/www.europesays.com\/ee\/wp-json\/wp\/v2\/tags?post=259274"}],"curies":[{"name":"wp","href":"https:\/\/api.w.org\/{rel}","templated":true}]}}