{"id":259286,"date":"2026-08-24T07:55:12","date_gmt":"2026-08-24T07:55:12","guid":{"rendered":"https:\/\/www.europesays.com\/ee\/259286\/"},"modified":"2026-08-24T07:55:12","modified_gmt":"2026-08-24T07:55:12","slug":"laanemaa-jalgpalliklubi-jatkab-voidulainel-laane-elu","status":"publish","type":"post","link":"https:\/\/www.europesays.com\/ee\/259286\/","title":{"rendered":"L\u00e4\u00e4nemaa jalgpalliklubi j\u00e4tkab v\u00f5idulainel &#8211; L\u00e4\u00e4ne Elu"},"content":{"rendered":"<p>            <a href=\"https:\/\/www.europesays.com\/ee\/wp-content\/uploads\/2026\/08\/jalgpall_malleliisaraigla-7.jpg\" data-caption=\"Foto: Malle-Liisa Raigla\"><img loading=\"lazy\" width=\"696\" height=\"465\" class=\"entry-thumb td-modal-image lazyload\" alt=\"\" title=\"jalgpall_malleliisaraigla (7)\" src=\"https:\/\/www.europesays.com\/ee\/wp-content\/uploads\/2026\/08\/jalgpall_malleliisaraigla-7-696x465.jpg\" decoding=\"async\"  data- data-eio-rwidth=\"696\" data-eio-rheight=\"465\"\/><\/a>Foto: Malle-Liisa Raigla<\/p>\n<p><img loading=\"lazy\" class=\"size-full wp-image-482803 lazyload\" alt=\"\" width=\"1920\" height=\"1282\" src=\"https:\/\/www.europesays.com\/ee\/wp-content\/uploads\/2026\/08\/jalgpall_malleliisaraigla-7.jpg\" decoding=\"async\" data-eio-rwidth=\"1920\" data-eio-rheight=\"1282\"\/>L\u00e4\u00e4nemaa jalgpalliklubi. Foto: Malle-Liisa Raigla<\/p>\n<p>\t\tL\u00e4\u00e4nemaa jalgpalliklubi esindusmeeskond sai laup\u00e4eval koduv\u00e4ljakul peetud teise liiga 19. m\u00e4ngul kolmanda j\u00e4rjestikuse v\u00f5idu kui oli FC Tallinn U21 v\u00f5istkonnast 2:1 \u00fcle.<\/p>\n<p>L\u00e4\u00e4nlastele l\u00f5i esimesel poolajal kolmeminutilise vahega m\u00e4ngu 22. ja 25. minutil kaks v\u00e4ravat v\u00e4lism\u00e4ngija Fabio Martins. Esimese poolaja l\u00f5pus said ka vastased penaltil\u00f6\u00f6gist \u00fche v\u00e4rava kirja ja poolajale mindi seisul 2:1.<\/p>\n<p>Teisel poolajal v\u00e4ravaid ei l\u00f6\u00f6dud.<\/p>\n<p>Artikkel j\u00e4tkub peale reklaami<img loading=\"lazy\" decoding=\"async\" class=\"aligncenter size-full wp-image-387649\" src=\"https:\/\/www.europesays.com\/ee\/wp-content\/uploads\/2026\/08\/1787558112_137_tasuline.png\" alt=\"\" width=\"688\" height=\"101\" data-eio=\"l\"\/><\/a><\/p>\n<p>Reklaam<\/p>\n","protected":false},"excerpt":{"rendered":"Foto: Malle-Liisa Raigla L\u00e4\u00e4nemaa jalgpalliklubi. Foto: Malle-Liisa Raigla L\u00e4\u00e4nemaa jalgpalliklubi esindusmeeskond sai laup\u00e4eval koduv\u00e4ljakul peetud teise liiga 19.&hellip;\n","protected":false},"author":2,"featured_media":259287,"comment_status":"","ping_status":"","sticky":false,"template":"","format":"standard","meta":{"footnotes":"","_share_on_mastodon":"0"},"categories":[18],"tags":[37,33,35,34,36,172,64493,159,158],"class_list":["post-259286","post","type-post","status-publish","format-standard","has-post-thumbnail","category-sport","tag-ee","tag-eesti","tag-eesti-keel","tag-estonia","tag-estonian","tag-jalgpall","tag-laanemaa-jalgpalliklubi","tag-sport","tag-sports"],"share_on_mastodon":{"url":"https:\/\/pubeurope.com\/@ee\/117149416477969988","error":""},"_links":{"self":[{"href":"https:\/\/www.europesays.com\/ee\/wp-json\/wp\/v2\/posts\/259286","targetHints":{"allow":["GET"]}}],"collection":[{"href":"https:\/\/www.europesays.com\/ee\/wp-json\/wp\/v2\/posts"}],"about":[{"href":"https:\/\/www.europesays.com\/ee\/wp-json\/wp\/v2\/types\/post"}],"author":[{"embeddable":true,"href":"https:\/\/www.europesays.com\/ee\/wp-json\/wp\/v2\/users\/2"}],"replies":[{"embeddable":true,"href":"https:\/\/www.europesays.com\/ee\/wp-json\/wp\/v2\/comments?post=259286"}],"version-history":[{"count":0,"href":"https:\/\/www.europesays.com\/ee\/wp-json\/wp\/v2\/posts\/259286\/revisions"}],"wp:featuredmedia":[{"embeddable":true,"href":"https:\/\/www.europesays.com\/ee\/wp-json\/wp\/v2\/media\/259287"}],"wp:attachment":[{"href":"https:\/\/www.europesays.com\/ee\/wp-json\/wp\/v2\/media?parent=259286"}],"wp:term":[{"taxonomy":"category","embeddable":true,"href":"https:\/\/www.europesays.com\/ee\/wp-json\/wp\/v2\/categories?post=259286"},{"taxonomy":"post_tag","embeddable":true,"href":"https:\/\/www.europesays.com\/ee\/wp-json\/wp\/v2\/tags?post=259286"}],"curies":[{"name":"wp","href":"https:\/\/api.w.org\/{rel}","templated":true}]}}