{"id":259292,"date":"2026-08-24T07:58:11","date_gmt":"2026-08-24T07:58:11","guid":{"rendered":"https:\/\/www.europesays.com\/ee\/259292\/"},"modified":"2026-08-24T07:58:11","modified_gmt":"2026-08-24T07:58:11","slug":"vana-saeveski-plats-toi-kolm-kula-taas-kokku","status":"publish","type":"post","link":"https:\/\/www.europesays.com\/ee\/259292\/","title":{"rendered":"Vana saeveski plats t\u00f5i kolm k\u00fcla taas kokku"},"content":{"rendered":"<p class=\"Textbody\">K\u00fclade elu ei koosne ainult majadest, teedest ja taludest. K\u00f5ige olulisemad on inimesed, kes nendes paikades elavad, on kunagi elanud v\u00f5i kelle elu on mingil viisil nende k\u00fcladega seotud. Just inimesed ja nende lood annavad \u00fchele kohale t\u00e4henduse ning hoiavad alles selle, mida aeg muidu tasapisi endaga kaasa viib.<\/p>\n<p class=\"Textbody\">8. augustil oli p\u00f5hjust taas kokku tulla. \u00dcru ja Varkja K\u00fclade Selts korraldas k\u00fclade kokkutuleku, kuhu kutsuti osalema ka Kuumi k\u00fcla inimesed. Nii sai \u00fchest k\u00fcla kokkusaamisest kolme k\u00fcla \u00fchine kohtumine.<\/p>\n<p class=\"Textbody\">Kokkutuleku paigaks valiti vana saeveski plats. Tegemist on paigaga, kus kunagi tegutses saeveski ning mis on seet\u00f5ttu seotud piirkonna varasema elu ja t\u00f6\u00f6ga. T\u00e4nap\u00e4eval on paiga roll muutunud, kuid selle t\u00e4hendus ei ole kadunud. Kohalike jaoks v\u00f5ivad sellised paigad olla seotud konkreetsete inimeste, t\u00f6\u00f6kohtade, s\u00fcndmuste ja m\u00e4lestustega. Just seep\u00e4rast oli vana saeveski plats kokkutulekuks s\u00fcmboolne valik. Paik, mis kunagi oli seotud igap\u00e4evase t\u00f6\u00f6ga, sai \u00fcheks p\u00e4evaks taas kohaks, kus inimesed kokku said.<\/p>\n<p class=\"Textbody\">\u00dcheks kokkutuleku oluliseks osaks oli v\u00f5imalus iga kohaletulnu jaoks r\u00e4\u00e4kida, kuidas tema on selle kohaga seotud. See andis inimestele v\u00f5imaluse jagada oma isiklikke lugusid ja m\u00e4lestusi ning kuulata ka teiste omi. Seosed \u00fche paigaga v\u00f5ivad olla v\u00e4ga erinevad. Kellegi jaoks v\u00f5ib see olla s\u00fcnni- v\u00f5i lapsep\u00f5lvekodu, kellegi jaoks vanemate v\u00f5i vanavanemate kodu, t\u00f6\u00f6koht v\u00f5i lihtsalt paik, kus on veedetud oluline osa elust. M\u00f5ni inimene v\u00f5ib olla k\u00fclaga seotud praegu, teine aga aastaid v\u00f5i isegi aastak\u00fcmneid tagasi.Korraldajate s\u00f5nul oligi \u00fcks kokkutuleku suurimaid v\u00e4\u00e4rtusi v\u00f5imalus taas kokku saada. \u201eSuur r\u00f5\u00f5m oli taaskord kokku tulla ning n\u00e4ha inimesi, kes on olnud v\u00f5i on seotud antud kohaga,\u201c v\u00f5ttis korraldaja kokkutuleku m\u00f5tte kokku.<\/p>\n","protected":false},"excerpt":{"rendered":"K\u00fclade elu ei koosne ainult majadest, teedest ja taludest. K\u00f5ige olulisemad on inimesed, kes nendes paikades elavad, on&hellip;\n","protected":false},"author":2,"featured_media":259293,"comment_status":"","ping_status":"","sticky":false,"template":"","format":"standard","meta":{"footnotes":"","_share_on_mastodon":"0"},"categories":[12],"tags":[26,27,37,33,35,34,36,31,32,21,100901,65851,100900,100898,28,29,19,25,23,24,22,100896,100899,20,100897,30],"class_list":["post-259292","post","type-post","status-publish","format-standard","has-post-thumbnail","category-eesti","tag-breaking-news","tag-breakingnews","tag-ee","tag-eesti","tag-eesti-keel","tag-estonia","tag-estonian","tag-featured-news","tag-featurednews","tag-headlines","tag-henry-tiirik","tag-kohaliku-omaalgatuse-programm","tag-kop","tag-kuumi","tag-latest-news","tag-latestnews","tag-news","tag-populaarseimad-lood","tag-top-stories","tag-topstories","tag-uldised-uudised","tag-uru","tag-uru-ja-varkja-kulade-selts","tag-uudised","tag-varkja","tag-viimased-uudised"],"share_on_mastodon":{"url":"https:\/\/pubeurope.com\/@ee\/117149427631154684","error":""},"_links":{"self":[{"href":"https:\/\/www.europesays.com\/ee\/wp-json\/wp\/v2\/posts\/259292","targetHints":{"allow":["GET"]}}],"collection":[{"href":"https:\/\/www.europesays.com\/ee\/wp-json\/wp\/v2\/posts"}],"about":[{"href":"https:\/\/www.europesays.com\/ee\/wp-json\/wp\/v2\/types\/post"}],"author":[{"embeddable":true,"href":"https:\/\/www.europesays.com\/ee\/wp-json\/wp\/v2\/users\/2"}],"replies":[{"embeddable":true,"href":"https:\/\/www.europesays.com\/ee\/wp-json\/wp\/v2\/comments?post=259292"}],"version-history":[{"count":0,"href":"https:\/\/www.europesays.com\/ee\/wp-json\/wp\/v2\/posts\/259292\/revisions"}],"wp:featuredmedia":[{"embeddable":true,"href":"https:\/\/www.europesays.com\/ee\/wp-json\/wp\/v2\/media\/259293"}],"wp:attachment":[{"href":"https:\/\/www.europesays.com\/ee\/wp-json\/wp\/v2\/media?parent=259292"}],"wp:term":[{"taxonomy":"category","embeddable":true,"href":"https:\/\/www.europesays.com\/ee\/wp-json\/wp\/v2\/categories?post=259292"},{"taxonomy":"post_tag","embeddable":true,"href":"https:\/\/www.europesays.com\/ee\/wp-json\/wp\/v2\/tags?post=259292"}],"curies":[{"name":"wp","href":"https:\/\/api.w.org\/{rel}","templated":true}]}}