{"id":259298,"date":"2026-08-24T08:08:09","date_gmt":"2026-08-24T08:08:09","guid":{"rendered":"https:\/\/www.europesays.com\/ee\/259298\/"},"modified":"2026-08-24T08:08:09","modified_gmt":"2026-08-24T08:08:09","slug":"labiraakimised-kukkusid-labi-kanada-peaminister-valmistub-pikaajaliseks-kaubandussojaks-usa-ga","status":"publish","type":"post","link":"https:\/\/www.europesays.com\/ee\/259298\/","title":{"rendered":"L\u00e4bir\u00e4\u00e4kimised kukkusid l\u00e4bi. Kanada peaminister valmistub pikaajaliseks kaubanduss\u00f5jaks USA-ga"},"content":{"rendered":"<p>Asjaga kursis olevate allikate s\u00f5nul on Carney valitsus valmis pikaks kaubanduss\u00f5jaks. Peaminister t\u00f6\u00f6tab praegu v\u00e4lja siseriiklikku abipaketti. See on m\u00f5eldud USA uute 50-protsendiliste <a rel=\"noopener nofollow\" target=\"_blank\" href=\"https:\/\/www.delfi.ee\/teema\/96871057\/tollimaksud\" tag-id=\"96871057\">tollimaksude<\/a> all kannatavate ettev\u00f5tete aitamiseks.<\/p>\n<p>Allikate teatel on abimeetmed kavandatud kestma vajadusel kuni <a rel=\"noopener nofollow\" target=\"_blank\" href=\"https:\/\/www.delfi.ee\/teema\/32758637\/donald-trump\" tag-id=\"32758637\">Donald Trumpi<\/a> ametiaja l\u00f5puni. Mark Carney lubas USA sammule vastata omapoolsete k\u00e4ttemaksumeetmetega. K\u00f5neluste ootamatu katkemine reede \u00f5htul suurendab kaubanduss\u00f5ja ohtu kahe tihedalt seotud majanduse vahel.<\/p>\n<p>Kanada endine rahvusvahelise kaubanduse minister Mary Ng m\u00e4rkis Kanada ees seisvat p\u00fcsivat muutust USA kaubanduspoliitikas. Carney valitsus ei n\u00e4e m\u00e4rke uutest k\u00f5nelustest l\u00e4hitulevikus. M\u00f5ned allikad hoiatasid siiski, et olukord on endiselt muutlik ja USA ei ole l\u00e4bir\u00e4\u00e4kimiste taasalustamist t\u00e4ielikult v\u00e4listanud. Carney teatas laup\u00e4eval ametlikult siseriikliku abipaketi loomisest. Ta kinnitas provintside juhtidele, et toetus kestab kogu konflikti v\u00e4ltel.<\/p>\n<p>\u201eMe toetame neid ettev\u00f5tteid nii kaua, kui vaja, teisis\u00f5nu, kauem kui kestab see USA administratsioon,\u201c \u00fctles Carney. \u201eSeega on meil v\u00e4lja t\u00f6\u00f6tatud erinevaid mehhanisme,\u201c lisas peaminister. \u201eAnname k\u00f5ik \u00fcksikasjad m\u00f5ne p\u00e4eva p\u00e4rast.\u201c<\/p>\n<p>Kanada suursaadik Mark Wiseman Washingtonist \u00fctles p\u00fchap\u00e4eval, et k\u00e4ttemaksumeetmete rakendamine 8. septembril ei t\u00e4henda ootust viimasel hetkel l\u00e4bir\u00e4\u00e4kimistele naasta. \u201eMa ei arva, et seda peaks nii vaatama,\u201c lausus suursaadik. USA poole s\u00f5nul on k\u00f5neluste tulevik samuti t\u00e4iesti ebaselge. USA kaubandusesindaja Jamieson Greer andis laup\u00e4eval intervjuu telekanalile Fox News. \u201eSeda on raske \u00f6elda,\u201c kommenteeris Greer uute k\u00f5neluste toimumist. \u201eMeil ei ole kanadalastega uusi k\u00f5nelusi plaanis,\u201c \u00fctles USA esindaja. \u201eMe liigume edasi meetmetega, mis vastavad Kanada k\u00e4ttemaksule,\u201c kinnitas Greer.<\/p>\n<p>Wiseman m\u00e4rkis siiski riikide j\u00e4tkuvat igap\u00e4evast suhtlust. \u201eMe r\u00e4\u00e4gime ameeriklastega iga p\u00e4ev,\u201c \u00fctles ta. \u201eMe j\u00e4tkame r\u00e4\u00e4kimist igasuguste USA administratsiooni liikmetega, sest me peame seda tegema, kuna oleme naabrid, oleme s\u00f5brad, oleme liitlased ja nii oleme alati tegutsenud,\u201c selgitas Wiseman.<\/p>\n<p>K\u00f5neluste katkemine tekitas n\u00e4dalavahetusel palju segadust ja t\u00f5i kaasa teravaid reaktsioone. Trump \u00fctles, et Kanada soovib osariigiks olemise h\u00fcvesid. USA transpordiminister Sean Duffy nimetas samal ajal Kanadat avalikult rumalaks. Carney laup\u00e4evane k\u00f5ne p\u00e4lvis vaatamata sellele laialdast toetust \u00fcle kogu Kanada poliitilise spektri. Hiljutise k\u00fcsitluse andmetel toetas kolm neljandikku kanadalastest Carney otsust l\u00e4bir\u00e4\u00e4kimistelt lahkuda. USA ametnik hoiatas reede hilis\u00f5htul olukorra v\u00f5imaliku edasise eskaleerumise eest. Tema s\u00f5nul antakse Trumpile uued valikud olukorra teravdamiseks, kui Carney oma tollimaksud kehtestab.<\/p>\n<p>Kuidas see lugu Sind end tundma pani?Saada<a href=\"https:\/\/arileht.delfi.ee\/a\/120605594\/labiraakimised-kukkusid-labi-kanada-peaminister-valmistub-pikaajaliseks-kaubandussojaks-usa-ga\/kommentaarid\" class=\"button button--primary button--size-auto article-body-bottom__comment article-body-bottom__comment--write\" style=\"\" rel=\"nofollow noopener\" target=\"_blank\">Kommenteeri<\/a><a href=\"https:\/\/arileht.delfi.ee\/a\/120605594\/labiraakimised-kukkusid-labi-kanada-peaminister-valmistub-pikaajaliseks-kaubandussojaks-usa-ga\/kommentaarid\" class=\"button button--size-auto article-body-bottom__comment article-body-bottom__comment--read\" style=\"\" rel=\"nofollow noopener\" target=\"_blank\">Loe kommentaare (8)<\/a><\/p>\n","protected":false},"excerpt":{"rendered":"Asjaga kursis olevate allikate s\u00f5nul on Carney valitsus valmis pikaks kaubanduss\u00f5jaks. Peaminister t\u00f6\u00f6tab praegu v\u00e4lja siseriiklikku abipaketti. See&hellip;\n","protected":false},"author":2,"featured_media":259299,"comment_status":"","ping_status":"","sticky":false,"template":"","format":"standard","meta":{"footnotes":"","_share_on_mastodon":"0"},"categories":[80],"tags":[26,27,324,37,33,35,34,36,31,32,21,1554,13651,28,29,95,1555,19,25,4502,23,24,22,20,30,92,93,94],"class_list":["post-259298","post","type-post","status-publish","format-standard","has-post-thumbnail","category-maailm","tag-breaking-news","tag-breakingnews","tag-donald-trump","tag-ee","tag-eesti","tag-eesti-keel","tag-estonia","tag-estonian","tag-featured-news","tag-featurednews","tag-headlines","tag-kanada","tag-kaubandussoda","tag-latest-news","tag-latestnews","tag-maailm","tag-mark-carney","tag-news","tag-populaarseimad-lood","tag-tollimaksud","tag-top-stories","tag-topstories","tag-uldised-uudised","tag-uudised","tag-viimased-uudised","tag-world","tag-world-news","tag-worldnews"],"share_on_mastodon":{"url":"https:\/\/pubeurope.com\/@ee\/117149466876346757","error":""},"_links":{"self":[{"href":"https:\/\/www.europesays.com\/ee\/wp-json\/wp\/v2\/posts\/259298","targetHints":{"allow":["GET"]}}],"collection":[{"href":"https:\/\/www.europesays.com\/ee\/wp-json\/wp\/v2\/posts"}],"about":[{"href":"https:\/\/www.europesays.com\/ee\/wp-json\/wp\/v2\/types\/post"}],"author":[{"embeddable":true,"href":"https:\/\/www.europesays.com\/ee\/wp-json\/wp\/v2\/users\/2"}],"replies":[{"embeddable":true,"href":"https:\/\/www.europesays.com\/ee\/wp-json\/wp\/v2\/comments?post=259298"}],"version-history":[{"count":0,"href":"https:\/\/www.europesays.com\/ee\/wp-json\/wp\/v2\/posts\/259298\/revisions"}],"wp:featuredmedia":[{"embeddable":true,"href":"https:\/\/www.europesays.com\/ee\/wp-json\/wp\/v2\/media\/259299"}],"wp:attachment":[{"href":"https:\/\/www.europesays.com\/ee\/wp-json\/wp\/v2\/media?parent=259298"}],"wp:term":[{"taxonomy":"category","embeddable":true,"href":"https:\/\/www.europesays.com\/ee\/wp-json\/wp\/v2\/categories?post=259298"},{"taxonomy":"post_tag","embeddable":true,"href":"https:\/\/www.europesays.com\/ee\/wp-json\/wp\/v2\/tags?post=259298"}],"curies":[{"name":"wp","href":"https:\/\/api.w.org\/{rel}","templated":true}]}}