{"id":259408,"date":"2026-08-24T10:06:08","date_gmt":"2026-08-24T10:06:08","guid":{"rendered":"https:\/\/www.europesays.com\/ee\/259408\/"},"modified":"2026-08-24T10:06:08","modified_gmt":"2026-08-24T10:06:08","slug":"ansambel-paabel-avaldas-parast-12-aastast-pausi-uue-albumi-muusika","status":"publish","type":"post","link":"https:\/\/www.europesays.com\/ee\/259408\/","title":{"rendered":"Ansambel Paabel avaldas p\u00e4rast 12-aastast pausi uue albumi | Muusika"},"content":{"rendered":"<p>2017. aastal pillid m\u00f5neks ajaks kotti pannud p\u00e4rimusansambel Paabel andis v\u00e4lja uue albumi &#8220;Ajatu&#8221;. B\u00e4ndi viimane v\u00e4ljalase j\u00e4i aastasse 2014.<\/p>\n<p>Ansambli Paabel esimene album ilmus 2009. aastal, viimati anti v\u00e4lja live-album &#8220;Meestev\u00e4gi&#8221; ja seda 2014. aastal. Publikuga j\u00e4eti ametlikult h\u00fcvasti 2017. aasta kevadel, kui Viljandi p\u00e4rimusmuusikaaidas anti viimane kontsert.<\/p>\n<p>N\u00fc\u00fcd on kollektiiv, kuhu kuuluvad Sandra Sillamaa, Arno Tamm, Lauri Kadalipp, Jaan Jaago, Tanel Kadalipp ja T\u00f5nu Tubli, tagasi ning toovad kuulajateni ka uue albumi &#8220;Ajatu&#8221;, mis on b\u00e4ndi viies t\u00e4ispikk.<\/p>\n<p>P\u00e4rast 12-aastast loomingulist pausi s\u00fcndinud album \u00fchendab b\u00e4ndi liikmete \u00fchise ajaloo, eesti p\u00e4rimusmuusika ning uue, spetsiaalselt taas\u00fchinemise j\u00e4rel loodud materjali.<\/p>\n<p>Albumil k\u00f5lav muusika s\u00fcndis \u00fchises b\u00e4ndiruumis veedetud loomeajas, kus kohtusid b\u00e4ndiliikmete erinevad muusikalised ideed ja vabas vormis j\u00e4mmid.\u00a0<\/p>\n<p>&#8220;V\u00f5tta t\u00e4nap\u00e4evasel singlite ja l\u00fchivideote ajastul ette \u00fche s\u00fcgava k\u00f5laga tunniajase albumi v\u00e4ljaandmine tundub \u00fcsna vastuvoolu ujumisena. \u00d5nneks oligi selle b\u00e4ndi taaselustamise ainus eesm\u00e4rk teha muusikat sellisel moel, et me ise seda naudiksime \u2013 ja selles osas saime oma eesm\u00e4rgi kindlasti t\u00e4idetud,&#8221; r\u00e4\u00e4kisid albumi produtsendid Arno Tamm ja Jaan Jaago.<\/p>\n<p>&#8220;Usume, et \u00f5nnestus talletada nii iga ansamblis oleva muusiku individuaalseid parimaid k\u00fclgi kui ka neist v\u00f5rsuva unikaalse tervikpildi k\u00f5ige v\u00f5imsam ja k\u00fcpsem versioon,&#8221; lisasid nad. Plaati esitletakse kontsertidel Raplas, Tartus, Viljandis, P\u00e4rnus ja Tallinnas.<\/p>\n","protected":false},"excerpt":{"rendered":"2017. aastal pillid m\u00f5neks ajaks kotti pannud p\u00e4rimusansambel Paabel andis v\u00e4lja uue albumi &#8220;Ajatu&#8221;. B\u00e4ndi viimane v\u00e4ljalase j\u00e4i&hellip;\n","protected":false},"author":2,"featured_media":259409,"comment_status":"","ping_status":"","sticky":false,"template":"","format":"standard","meta":{"footnotes":"","_share_on_mastodon":"0"},"categories":[16],"tags":[100920,37,33,35,173,34,36,98153,100922,140,98152,100921,27258],"class_list":["post-259408","post","type-post","status-publish","format-standard","has-post-thumbnail","category-meelelahutus","tag-arno-tamm","tag-ee","tag-eesti","tag-eesti-keel","tag-entertainment","tag-estonia","tag-estonian","tag-jaan-jaago","tag-lauri-kadalipp","tag-meelelahutus","tag-paabel","tag-tanel-kadalipp","tag-tonu-tubli"],"share_on_mastodon":{"url":"https:\/\/pubeurope.com\/@ee\/117149931121860494","error":""},"_links":{"self":[{"href":"https:\/\/www.europesays.com\/ee\/wp-json\/wp\/v2\/posts\/259408","targetHints":{"allow":["GET"]}}],"collection":[{"href":"https:\/\/www.europesays.com\/ee\/wp-json\/wp\/v2\/posts"}],"about":[{"href":"https:\/\/www.europesays.com\/ee\/wp-json\/wp\/v2\/types\/post"}],"author":[{"embeddable":true,"href":"https:\/\/www.europesays.com\/ee\/wp-json\/wp\/v2\/users\/2"}],"replies":[{"embeddable":true,"href":"https:\/\/www.europesays.com\/ee\/wp-json\/wp\/v2\/comments?post=259408"}],"version-history":[{"count":0,"href":"https:\/\/www.europesays.com\/ee\/wp-json\/wp\/v2\/posts\/259408\/revisions"}],"wp:featuredmedia":[{"embeddable":true,"href":"https:\/\/www.europesays.com\/ee\/wp-json\/wp\/v2\/media\/259409"}],"wp:attachment":[{"href":"https:\/\/www.europesays.com\/ee\/wp-json\/wp\/v2\/media?parent=259408"}],"wp:term":[{"taxonomy":"category","embeddable":true,"href":"https:\/\/www.europesays.com\/ee\/wp-json\/wp\/v2\/categories?post=259408"},{"taxonomy":"post_tag","embeddable":true,"href":"https:\/\/www.europesays.com\/ee\/wp-json\/wp\/v2\/tags?post=259408"}],"curies":[{"name":"wp","href":"https:\/\/api.w.org\/{rel}","templated":true}]}}