{"id":259460,"date":"2026-08-24T11:03:08","date_gmt":"2026-08-24T11:03:08","guid":{"rendered":"https:\/\/www.europesays.com\/ee\/259460\/"},"modified":"2026-08-24T11:03:08","modified_gmt":"2026-08-24T11:03:08","slug":"estronaut-emil-furstenberg-hetkel-naen-enda-tulevikku-aerokosmose-valdkonnas","status":"publish","type":"post","link":"https:\/\/www.europesays.com\/ee\/259460\/","title":{"rendered":"Estronaut Emil F\u00fcrstenberg: hetkel n\u00e4en enda tulevikku aerokosmose valdkonnas"},"content":{"rendered":"<p>K\u00fcsimusele, kes ta on, vastab Emil, et sellele v\u00f5ib mitmeti vastata. \u201eV\u00f5iksin \u00f6elda, et olen Emil ning vanust on mul 17 aastat, aga v\u00f5iksin ka \u00f6elda, et see, kes mina enda jaoks olen, on hoopis midagi keerulisemat \u2013 v\u00f5ib-olla olen ka \u00fcks suur pusle, mille t\u00fckkideks on k\u00f5ik need erinevad minad, kes on tutvuste k\u00e4igus teiste inimeste ajus ja \u00fctlemistes kujunenud. Aga eks ma kaldun ikka esimese valiku poole, nii et j\u00e4\u00e4me selle juurde.\u201c<\/p>\n<p class=\"MsoNormal\">Emil on \u00f5ppinud \u00fche aasta Gustav Adolfi g\u00fcmnaasiumis ning j\u00e4tkab s\u00fcgisel oma \u00f5pinguid sama kooli 11. klassis. Varasem haridustee kulges \u00fcheksa aastat Palade p\u00f5hikoolis Hiiumaal. \u201eMa p\u00e4ris p\u00f5line hiidlane pole, aga suur osa elust on seal veedetud.\u201c<\/p>\n<p class=\"MsoNormal\">Vabal ajal m\u00e4ngib Emil trompetit \u2013 kaks korda n\u00e4dalas tunnis, kord n\u00e4dalas puhkpilliorkestris ning kodus tuleb samuti harjutamist ette. Ta loeb ka palju raamatuid, kusjuures tema suur lemmik on \u201eS\u00f5rmuste isanda\u201c triloogia, kuid v\u00e4ga meeldivad ka teadusulmeraamatud. \u201eKuigi hetkel loen hoopis Murakami \u201eKafkat mererannal\u201c.\u201c<\/p>\n<p class=\"MsoNormal\">Samuti meeldib Emilile filme vaadata. \u201eEriti \u00e4ge on vahel kinos m\u00f5ne vana filmi taaslinastust vaatamas k\u00e4ia.\u201c M\u00f5nikord l\u00e4heb ta enda jaoks uude kohta jalutama, et avastada midagi uut v\u00f5i p\u00f5nevat, ning vahel \u00fcritab m\u00f5ne \u00fcmbruskonnas toimuva m\u00e4lum\u00e4ngu jaoks ka meeskonda kokku ajada. \u00dche hobina toob Emil v\u00e4lja veel koomiksite kogumise. \u201eOlen n\u00fc\u00fcdseks kogunud \u00fcsnagi arvestatava koguse saksa- ja eestikeelseid koomikseid (m\u00f5ni ingliskeelne on ka hulgas), mille \u00fcle ma tunnen m\u00f5ningat uhkust.\u201c<\/p>\n<p class=\"MsoNormal\">Raamatuhuvi on tema s\u00f5nul k\u00f5ige enam kaasa aidanud sellele, et ta julgeb unistada kosmosest. \u201eJust erinevad kosmoseteemalised teosed, n\u00e4iteks Ene Ergma \u201eKosmosemutt\u201c, on mulle n\u00e4idanud, et ilmaruum ei olegi nii kauge eesm\u00e4rk, vaid hoopis \u201ek\u00e4ega katsutav\u201c.\u201c<\/p>\n<p class=\"MsoNormal\">S\u00fcgavam huvi kosmoselendude ja -uuringute vastu sai alguse juba lapsep\u00f5lves. \u201eMillegip\u00e4rast on see s\u00fcndmus mul h\u00e4sti meeles. Olin umbes k\u00fcmme aastat \u2013 \u00e4kki oli ka \u00fcheksa \u2013 tagasi perega raamatupoes ning silmasin raamatut \u201eTeadmiste ents\u00fcklopeedia. Kosmos!\u201c. Kuna kaanepilt ja illustratsioonid olid niiv\u00f5rd huvipakkuvad, siis \u201ekerjasin\u201c seda emalt t\u00fckk aega, kuni ma selle siis l\u00f5puks sain. Nende raamatukaante esmasest avamisest algaski mu s\u00fcgavam huvi kosmoselendude ja -uuringute vastu.\u201c<\/p>\n<p class=\"MsoNormal\">Oma eeskujudeks nimetab Emil ema ja isa, kuid tunnistab, et eeskujudega on \u00fcldiselt keeruline. \u201eMa usun, et ei v\u00f5taks endale iial eeskujuks teise inimese tervet eluk\u00e4iku, vaid pigem m\u00f5ne tema iseloomuomaduse.\u201c \u00dcks eeskujusid on talle ulmesarja \u201eStar Trek: The Next Generation\u201c tegelane kapten Jean-Luc Picard. \u201e\u00dcritan sarnaselt temale s\u00e4ilitada rahu ning m\u00f5istusel rajanevat otsustusv\u00f5imet ka stressirikastes olukordades, kuid alati see ei \u00f5nnestu.\u201c<\/p>\n<p class=\"MsoNormal\">Kosmosevaldkonnas paelub Emilit k\u00f5ige rohkem rakettide \u201etaaskasutamine\u201c ehk raketi esimese astme turvaline maandumine selle asemel, et see atmosf\u00e4\u00e4ris \u00e4ra p\u00f5leks. Selle arendamisega tegeleb tema s\u00f5nul erasektoris k\u00f5ige enam SpaceX. \u201e\u201eTaaskasutamise\u201c l\u00e4bi oleks v\u00f5imalik raketistardi maksumust oluliselt v\u00e4hendada &#8211; n\u00e4iteks taaskasutatava Falcon 9 start maksab ligi 70 miljonit dollarit, aga sarnase tavaraketi Atlas V start maksab umbes 160 miljonit. Maandumiseks vajaliku k\u00fctuse arvelt on kosmosesse viidav last muidugi v\u00e4iksem, aga maandunud booster\u2019i taas t\u00e4is tankimine on t\u00e4iesti uue ehitamisest kordades odavam.\u201c<\/p>\n<p class=\"MsoNormal\">\u201eEesti otsib estronauti\u201c konkursile kandideerimist noormees algul isegi ei plaaninud. \u201eT\u00f5tt \u00f6elda m\u00f5tlesin algul, et ei hakka kandideerima, aga siis reklaamis klassijuhataja seda v\u00f5imalust ning see oligi vist t\u00f5uge, mida mul vaja l\u00e4ks.\u201c Samal \u00f5htul saatis Emil t\u00e4idetud ankeedi ning teate konkursi teise etappi p\u00e4\u00e4semise kohta sai ta k\u00e4tte paar p\u00e4eva hiljem. \u201eOlin paari klassivennaga koolil\u00f5unat s\u00f6\u00f6mas, kui kiikasin korraks meilipostkasti ning n\u00e4gingi teadet. Esimene emotsioon oli selline \u201ev\u00f5imas\u201c ning eks seda uudist sai ka m\u00f5ne klassivennaga jagatud.\u201c<\/p>\n<p class=\"MsoNormal\">Konkursi valikuprotsessis oli tema jaoks k\u00f5ige keerulisem ja pingelisem veek\u00fctusel t\u00f6\u00f6tava mudelraketi ehitamine. \u201eAlgul esines k\u00f5rgusm\u00f5\u00f5tja koodiga paar viperust ning hiljem l\u00e4ks langevarjuga tegeledes oodatust rohkem aega.\u201c Kuna hiljem katsetades oli langevarju avanemisega probleeme, l\u00e4ks Emil stardile vastu veidi pessimistliku meeleoluga. Abiks oli m\u00f5ttetera \u201evigadest \u00f5pitakse\u201c. \u201eEhk l\u00e4hebki luhta, aga v\u00e4hemalt tean siis, mida j\u00e4rgmine kord paremini teha saaks, ning see m\u00f5jus n\u00e4rvidele kuidagi rahustavalt.\u201c \u00d5nneks avanes raketi langevari ning rakett lennutati ka t\u00e4itsa soliidsele k\u00f5rgusele.<\/p>\n<p class=\"MsoNormal\">Estronaudiks saamisel aitasid Emilil tema s\u00f5nul k\u00f5ige rohkem hea suhtlemisoskus ja m\u00f5nes m\u00f5ttes omap\u00e4rane m\u00f5tteviis. \u201eHea suhtlemisoskus tuli kasuks nii meeskonnat\u00f6\u00f6 koordineerimisel kui ka uute ja huvitavate tutvuste loomisel.\u201c Omap\u00e4rase m\u00f5tteviisi all peab ta silmas seda, et \u00fctles endale sageli: \u201eAnnan endast parima, aga kui sellest ei piisa, siis nii on, lahe, et siia \u00fcldse v\u00e4lja j\u00f5udsin.\u201c See aitas tal rahulikku meelt s\u00e4ilitada ning ka pingelisemates olukordades suhteliselt h\u00e4sti keskenduda.<\/p>\n<p class=\"MsoNormal\">Konkursi jooksul avastas Emil enda juures ka uue oskuse. \u201eAvastasin, et oskan t\u00e4itsa rahuldaval tasemel meeskonnat\u00f6\u00f6d korraldada. R\u00fchma\u00fclesannete puhul osutusin sageli inimeseks, kes \u00fclesanded vastavalt iga\u00fche oskustele laiali jaotas.\u201c<\/p>\n<p class=\"MsoNormal\">Eesootava paraboollennu puhul on Emili suurim ootus \u00fcsna selge: \u201eMuidugi kaaluta olekus viibimine!\u201c Lisaks ootab ta projektiga kaasnevaid erinevaid v\u00f5imalusi end harida ning uusi asju \u00f5ppida ja n\u00e4ha.<\/p>\n<p class=\"MsoNormal\">Tulevikus n\u00e4eb Emil end insenerina, eriti aerokosmose valdkonnas. \u201eSee on tugevalt seotud k\u00fcsimuses nimetatud valdkondadega. Kuid eks v\u00f5imalusi on \u00fc\u00fcratult palju ning vahel juhtub ka nii, et ei l\u00e4he p\u00e4ris nii, kuidas lootsid.\u201c<\/p>\n<p class=\"MsoNormal\">Teistele Eesti noortele, kes unistavad suurtest asjadest, kuid k\u00f5hklevad, kas teaduse- ja tehnikakonkurssidel osaleda, \u00fctleb Emil: \u201eProovige ikka! Vahel juhtub, et t\u00e4itsa l\u00f5puni v\u00e4lja ei j\u00f5ua, aga minu arvates on juba see teekond, mis sinna viib, selline, mille k\u00e4igus n\u00e4eb uusi kohti, lood uusi tutvusi ning avastad oma tugevused ja n\u00f5rkused. Isegi kui l\u00e4heb luhta, siis kasuks tuleva kogemuse v\u00f5rra rikkam oled sa ikka.\u201c<\/p>\n<p>Kuidas see lugu Sind end tundma pani?Saada<a href=\"https:\/\/forte.delfi.ee\/artikkel\/120605688\/estronaut-emil-furstenberg-hetkel-naen-enda-tulevikku-aerokosmose-valdkonnas\/kommentaarid\" class=\"button button--primary button--size-auto article-body-bottom__comment article-body-bottom__comment--write\" style=\"\" rel=\"nofollow noopener\" target=\"_blank\">Kommenteeri<\/a><a href=\"https:\/\/forte.delfi.ee\/artikkel\/120605688\/estronaut-emil-furstenberg-hetkel-naen-enda-tulevikku-aerokosmose-valdkonnas\/kommentaarid\" class=\"button button--size-auto article-body-bottom__comment article-body-bottom__comment--read\" style=\"\" rel=\"nofollow noopener\" target=\"_blank\">Loe kommentaare <\/a><\/p>\n","protected":false},"excerpt":{"rendered":"K\u00fcsimusele, kes ta on, vastab Emil, et sellele v\u00f5ib mitmeti vastata. \u201eV\u00f5iksin \u00f6elda, et olen Emil ning vanust&hellip;\n","protected":false},"author":2,"featured_media":259461,"comment_status":"","ping_status":"","sticky":false,"template":"","format":"standard","meta":{"footnotes":"","_share_on_mastodon":"0"},"categories":[14],"tags":[131,2016,130,12810,37,33,35,34,36,287,280,371],"class_list":["post-259460","post","type-post","status-publish","format-standard","has-post-thumbnail","category-ari","tag-ari","tag-autod","tag-business","tag-digiuudised","tag-ee","tag-eesti","tag-eesti-keel","tag-estonia","tag-estonian","tag-kosmos","tag-teadus","tag-tehnika"],"share_on_mastodon":{"url":"https:\/\/pubeurope.com\/@ee\/117150154912456645","error":""},"_links":{"self":[{"href":"https:\/\/www.europesays.com\/ee\/wp-json\/wp\/v2\/posts\/259460","targetHints":{"allow":["GET"]}}],"collection":[{"href":"https:\/\/www.europesays.com\/ee\/wp-json\/wp\/v2\/posts"}],"about":[{"href":"https:\/\/www.europesays.com\/ee\/wp-json\/wp\/v2\/types\/post"}],"author":[{"embeddable":true,"href":"https:\/\/www.europesays.com\/ee\/wp-json\/wp\/v2\/users\/2"}],"replies":[{"embeddable":true,"href":"https:\/\/www.europesays.com\/ee\/wp-json\/wp\/v2\/comments?post=259460"}],"version-history":[{"count":0,"href":"https:\/\/www.europesays.com\/ee\/wp-json\/wp\/v2\/posts\/259460\/revisions"}],"wp:featuredmedia":[{"embeddable":true,"href":"https:\/\/www.europesays.com\/ee\/wp-json\/wp\/v2\/media\/259461"}],"wp:attachment":[{"href":"https:\/\/www.europesays.com\/ee\/wp-json\/wp\/v2\/media?parent=259460"}],"wp:term":[{"taxonomy":"category","embeddable":true,"href":"https:\/\/www.europesays.com\/ee\/wp-json\/wp\/v2\/categories?post=259460"},{"taxonomy":"post_tag","embeddable":true,"href":"https:\/\/www.europesays.com\/ee\/wp-json\/wp\/v2\/tags?post=259460"}],"curies":[{"name":"wp","href":"https:\/\/api.w.org\/{rel}","templated":true}]}}