{"id":259504,"date":"2026-08-24T12:00:09","date_gmt":"2026-08-24T12:00:09","guid":{"rendered":"https:\/\/www.europesays.com\/ee\/259504\/"},"modified":"2026-08-24T12:00:09","modified_gmt":"2026-08-24T12:00:09","slug":"liina-raud-sain-karmaga-tagasi-koik-mida-nooruses-teistele-tegin-vikerraadio","status":"publish","type":"post","link":"https:\/\/www.europesays.com\/ee\/259504\/","title":{"rendered":"Liina Raud: sain karmaga tagasi k\u00f5ik, mida nooruses teistele tegin | Vikerraadio"},"content":{"rendered":"<p>&#8220;Mida kindlamalt ma justkui mingisuguse otsuse teen, seda rohkem ajab universum mul pea sassi. Ameerikas on keeruline hakkama saada. Ameerikas ennast \u00fcles t\u00f6\u00f6tada oli v\u00e4ga keeruline just sellep\u00e4rast, et ma ei ole kellast kellani t\u00f6\u00f6taja, minu jaoks on alati t\u00e4htis olnud isetegemine, projektid, keegi ei v\u00f5tnud Eestis mu vabadust \u00e4ra, tegelesin v\u00e4ga erinevate asjadega,&#8221; nentis Liina. &#8220;Aga ma t\u00f6\u00f6tan seal ikkagi j\u00f5hkralt. Huvi n\u00e4ha, kas mul on oma koht Ameerikas v\u00f5imalik leida on praegu ikkagi \u00fcle kaalunud selle, et ma lihtsalt tulen t\u00e4na Eestisse tagasi justkui lihtsama elu peale.&#8221;<\/p>\n<p>Liina ema Juta Vahter ei v\u00f5ta seda \u00fcldse traagiliselt, et laps ja lapselapsed elavad nii kaugel. &#8220;T\u00e4nap\u00e4eval on k\u00f5ik sidevahendid olemas ja ma olen ka Ameerikas neil k\u00fclas k\u00e4inud.&#8221;<\/p>\n<p>Juta on Liina laste Mirjami ja Joosepi ainus vanaema. &#8220;Mul on lastega nii eriline side. Mul on ainult \u00fchest asjast kahju, et nad ei r\u00e4\u00e4gi eesti keelt nii h\u00e4sti, et nendega s\u00fcgavamaid vestlusi pidada. Joosep on rohkem Mihkli moodi ja Mirjam ema moodi,&#8221; t\u00f5des Liina.<\/p>\n<p>&#8220;Vend t\u00f5mbab \u00f5e vahel pahandustesse kaasa, kuigi Mirjam on vanem. Mirjam m\u00e4ngib t\u0161ellot, tantsib fantastiliselt, Joosepile meeldib v\u00e4ga esineda.&#8221; t\u00f5des Liina.<\/p>\n<p>Liina lapsep\u00f5lves olid v\u00e4ga t\u00e4htsal kohal ema ja ka isa. &#8220;Emal ja isal oli visiitabielu, n\u00e4dala sees oli isa Tallinnas t\u00f6\u00f6l, igal n\u00e4dalavahetusel oli isa kodus, kogu vaba aja veetis ta perega. Mul on vanem vend, \u00fcheksa aastat vanem, kes on mind palju m\u00f5jutanud. Algul oli ta IT-mees, \u00fcletas ennast ja alustas taastuvenergiafirmaga, mida ta \u00fcles ehitab, tal on ka pisikesed lapsed,&#8221; meenutas Liina.<\/p>\n<p>&#8220;Ma olin v\u00e4iksena m\u00e4ssaja, sattusin ikka pahandustesse,&#8221; muheles Juta. &#8220;Olen kasuisaga kasvanud, mu vanemad l\u00e4ksid lahku, kui olen kolmeaastane, ema abiellus uuesti, aga neil endil rohkem lapsi ei olnudki. See oli mulle p\u00e4ris raske, m\u00e4letan oma nutuhoogusid, mida ma toona ei osanud seletada. Ma elasin siis vanaema juures ja tundsin end h\u00fcljatuna, kuna \u00f5de-vend elasid toona juba emaga kasuisa juures. Mul oli v\u00e4ga tore kasuisa, ta on mind palju m\u00f5jutanud. Ta hoidis ema ja meid, lapsi, v\u00e4ga. Hea s\u00fcda on see, mis v\u00f5idab teiste s\u00fcdamed, kasuisa oli lihtsalt v\u00e4ga hea inimene.&#8221;<\/p>\n<p>&#8220;Mu ema on tulnud l\u00e4bi raskuste, aga ta ei ole kibestunud, ta on fantastiline ema, millises turvatundes mina ja mu vend oleme kasvanud, on t\u00e4nap\u00e4eval suhteliselt haruldane,&#8221; t\u00f5i Liina v\u00e4lja.<\/p>\n<p>Esimesel kohtumis\u00f5htul otsustati abielluda<\/p>\n<p>Juta on enda s\u00f5nul olnud pigem ikkagi j\u00e4relejooksik, kes ei teadnud, mida p\u00e4rast kooli l\u00f5petamist teha. &#8220;Tahtsin isa j\u00e4rgi, kes t\u00f6\u00f6tas meiereis, minna EPA-sse piimandust \u00f5ppima, \u00f5nneks ma ei saanud kooli sisse, kukkusin f\u00fc\u00fcsikaga l\u00e4bi. Toona oli see mu jaoks maailma l\u00f5pp. Siis l\u00e4ksin nahajalatsikombinaati t\u00f6\u00f6le, see oli elukool,&#8221; s\u00f5nas Juta, kelle elus on olnud olulisel kohal teedeehitus.<\/p>\n<p>Juta meenutas, et tutvus oma tulevase abikaasaga \u00fchel peol ja juba esimesel \u00f5htul otsustati, et nemad abielluvad. &#8220;Lihtsalt meil nii h\u00e4sti klappis esimesest hetkest,&#8221; nentis Juta, kes on oma abikaasast 17 aastat noorem. &#8220;Hiljem tuli v\u00e4lja, et me oleme abikaasaga naaberk\u00fcladest p\u00e4rit.&#8221;<\/p>\n<p>Liina s\u00fcndi planeeriti juba neli aastat varem, aga Liina ei tahtnud kohe tulla, meenutas Juta.<\/p>\n<p>&#8220;Akadeemiline pool ei toonud mulle \u00e4rksust, otsisin k\u00f5ikv\u00f5imalikke muid kohti, kus seda \u00e4rksust v\u00f5iks leida. Olin gaidide r\u00fchma juht, \u00f5pilasesinduses, tahtsin maailma muuta,&#8221; muheles Liina. &#8220;Kriitikat ma enda tegemiste kohta ei kuulnud. Olin v\u00e4ga enesekindel. Kodune toetus mu selja taga oli sajaprotsendiline, fantastiline viis kasvada.&#8221;<\/p>\n<p>Sai karmaga tagasi s\u00fcdamevalu, mida oli nooruses teistele p\u00f5hjustanud<\/p>\n<p>Liina meenutas, et pigem oli tema see, kes kooli ajal ja ka hiljem s\u00fcdameid murdis ja teiste hingele haiget tegi. &#8220;Ja siis ma sain karmaga selle k\u00f5ik omale peale, kui me kolisime Chicagosse, ma sain karmaga k\u00f5ik tagasi. Ma usun, et see, mida sa teistele teed, tuleb sulle endale tagasi. Nii et ma olen maksnud oma nooruse s\u00fcdamete murdmise eest,&#8221; t\u00f5des Liina.<\/p>\n<p>Liina t\u00f5i v\u00e4lja, et ta on avatud s\u00fcdamega ja laseb inimesed endale h\u00e4sti kiiresti ligi. &#8220;Ja siis avastan, et v\u00f5ib-olla nad ei v\u00e4\u00e4rigi hinge j\u00e4\u00e4mist. Pigem pinnapealne l\u00e4henemine, ma lendan peale, usaldan kohe ja siis m\u00f5istan, et usaldasin teist liiga kiiresti. Noorena t\u00f5i s\u00fcdamete murdmine mulle p\u00f5nevust,&#8221; nentis Liina. &#8220;Mina ikkagi l\u00e4ksin ja v\u00f5tsin.&#8221;<\/p>\n<p>&#8220;Mu ema oli fantastiline minu juht, kes oskas mind suunata nii, et ma ise teeksin \u00f5iged otsused,&#8221; meenutas Liina.<\/p>\n<p>&#8220;Abikaasa valik on elus k\u00f5ige t\u00e4htsam valik, ja mul lihtsalt vedas, et sattusime kokku ja terve elu olime \u00fchtne tiim,&#8221; muheles Juta, kes elas kogu elu \u00fche mehega.<\/p>\n<p>Liina meenutas, et tema peale pole kunagi kodus karjutud ja paar korda on ta n\u00e4hvaka vitsa saanud, aga t\u00e4iesti \u00f5ige asja eest.<\/p>\n<p>&#8220;\u00dcksikvanemaks olemine on kurb, see on v\u00e4ga raske. Sa ei saa jagada emotsionaalselt lapsekasvatamist, pead k\u00f5ike ise kandma,&#8221; t\u00f5i Juta v\u00e4lja.<\/p>\n<p>Liina s\u00f5nul teeks ta praegu tagasi vaadates teisi, paremaid otsuseid, mis ei viiks selleni, et temast saaks immigrandist \u00fcksikema. &#8220;Ma ei osanud neid kompromisse tollal n\u00e4ha, olin noor,&#8221; nentis Liina.<\/p>\n<p>Elumuutev telefonik\u00f5ne<\/p>\n<p>P\u00e4rast kooli l\u00f5petamist tahtiski Liina olla maailma parim juuksur. &#8220;Sealt edasi tuli juba &#8220;\u00dchikarotid&#8221;. Olime s\u00f5brannaga p\u00e4ev otsa veini tipsutanud ja tulime m\u00f5ttele panna ennast superstaari saatesse kirja, tema oskab laulda ka, mina ei oska, aga l\u00e4ksin kaasa. Saatetiimi poolt tuli mulle k\u00f5ne, et nende tiimis oli inimene, kes teadis, et ma olen igal peol erineva soenguga. Mul ei l\u00e4he see telefonik\u00f5ne iial meelest. Kaidi Klein helistas mulle ja tahtis minust teha saatesse eelloo. Pakkusin siis v\u00e4lja, et tulgu juuksurisalongi, kuigi ma olin tol ajal alles juuksuri\u00f5pilane. M\u00f5tlesin, et v\u00f5ib-olla see toob mulle kliente. J\u00e4rgmine k\u00f5ne tuli Tuuli Roosmaalt, kes tegi saadet &#8220;\u00dchikarotid&#8221;. Ma olengi \u00fcldiselt selline, kes \u00fctleb paljudele v\u00e4ljakutsetele jah. Mulle meeldib panna ennast raskesse olukorda, kus saan \u00f5ppida ja areneda.&#8221;<\/p>\n<p>Poliitikasse sattus Liina t\u00e4nu tantsusaates osalemisele. &#8220;\u00dctlesin tantsusaates, et tahan saada haridusministriks, sest Taanis, kus ma olin vahetusaastal, oli hariduss\u00fcsteem fantastiline. J\u00e4rgmisel p\u00e4eval helistas mulle Urve Palo, et kas v\u00f5iksime kokku saada ja juttu r\u00e4\u00e4kida,&#8221; meenutas Liina.<\/p>\n<p>Saade, kus Liina kohtus Mihkel Rauaga, oli lindistatud, mitte otsesaade. &#8220;Jagasin tol ajal korterit \u00fche oma s\u00f5brannaga. K\u00e4isin salvestusel \u00e4ra, tulin koju ja \u00fctlesin oma s\u00f5brannale, et ma abiellun Mihkel Rauaga,&#8221; muheles Liina. &#8220;Ilmselt oli m\u00f5lemal valmisolek selleks olemas.&#8221;<\/p>\n<p>&#8220;Kuidagi on see nii, et t\u00fctred k\u00f5nnivad ema rajal,&#8221; nentis Juta, kes samuti armus oma tulevasse abikaasasse silmapilkselt ja on oma abikaasast palju vanem.<\/p>\n<p>Isa oli alguses abielule vastu<\/p>\n<p>&#8220;Isa oli k\u00fcll natuke vastu sellele abielule, aga ta ei v\u00e4ljendanud seda. Ta arvas, et sellest suhtest midagi ei tule. Aga Mihkel ja Liina olid v\u00e4ga tore paar, nad naersid koos kogu aeg. Ma m\u00f5tlesin, et kui inimesed nii palju naeravad koos, siis nad on \u00f5nnelikud, no alguses ju olidki, neil oli v\u00e4ga suur armastus,&#8221; nentis Juta.<\/p>\n<p>Esimese lapse s\u00fcnni hetkeks oli Liina enda s\u00f5nul t\u00e4iesti \u00fclet\u00f6\u00f6tanud, aga see pani kriipsu peale ka paljudele tema projektidele. &#8220;K\u00f5ik kadus ja k\u00f5ik kukkus kokku, mis j\u00e4tkub siiamaani,&#8221; t\u00f5des Liina. &#8220;K\u00f5ige hullem oli mu hirm, et minust saab kodune ema ja ma elan sealsamas, kus ma \u00fcles kasvasin.&#8221;<\/p>\n<p>&#8220;Nagu \u00fctles kunagi mu ema, et lapsi tuleb saada t\u00e4pselt nii palju, kui sa ise suudad kanda. Kuldsed s\u00f5nad, aga ma ei j\u00e4rginud seda. Ma ei olnud sel hetkel valmis kandma seda, et kasvatada kaht last \u00fcksinda. Selle peale ma ei m\u00f5elnud, kui ma olin nii armunud ja lapsed tundusid olevat hea variant, kuidas aeg maha v\u00f5tta. Ma ei teadnud, et aja mahav\u00f5tmine t\u00e4hendab k\u00f5ikide tegemiste l\u00f5petamist,&#8221; nentis Liina. &#8220;Ma pole siiamaani oma pead veel p\u00e4ris p\u00fcsti saanud, karma ikka veel karistab.&#8221;<\/p>\n<p>\u00dcksinda pidi Liina laste eest vastutama juba siis, kui nad Ameerikasse kolisid. &#8220;Mihkel pidi ju Eestis k\u00e4ima, tema ei saanud oma siinsele elule kriipsu peale t\u00f5mmata. Kui kolisime, oli Mirjam kolm ja Joosep \u00fcheaastane. Kui ma \u00fcksikvanemaks sain, olid lapsed kaheksa ja kuus. Eestisse tagasikolimist takistas mu trots, et olen teinud oma otsused, ma ei \u00fctle ju, et kellelgi teisel oli \u00f5igus, tahtsin ennast t\u00f5estada. L\u00f5puks j\u00f5uan sinna, kus see t\u00f5estamine on viinud sind kohta, mida n\u00fc\u00fcd ongi v\u00e4ga raske maha j\u00e4tta. Olen ise oma elu keeruliseks elanud, aga ma olen ikkagi s\u00e4ilitanud oma positiivsuse. Olen saanud l\u00e4bi raskustest ja tohutust piinast, mis on ka ju subjektiivne, minu jaoks siis keerulised ajad.&#8221;<\/p>\n<p>&#8220;Minu kibestumus, kurjus ja pahameel on minu enda vastu, mitte kellegi teise, ma ise lubasin sellistel asjadel juhtuda,&#8221; t\u00f5i Liina v\u00e4lja. &#8220;Perekonna puudus on Ameerikas suur, sellega ma seal ei kohanenudki. Laste p\u00e4rast peaks pigem olema Eestis, sest kogu turvav\u00f5rgustik on siin.&#8221;<\/p>\n","protected":false},"excerpt":{"rendered":"&#8220;Mida kindlamalt ma justkui mingisuguse otsuse teen, seda rohkem ajab universum mul pea sassi. Ameerikas on keeruline hakkama&hellip;\n","protected":false},"author":2,"featured_media":259505,"comment_status":"","ping_status":"","sticky":false,"template":"","format":"standard","meta":{"footnotes":"","_share_on_mastodon":"0"},"categories":[12],"tags":[26,27,37,33,35,34,36,31,32,21,100941,2063,28,29,4632,19,25,23,24,22,20,30],"class_list":["post-259504","post","type-post","status-publish","format-standard","has-post-thumbnail","category-eesti","tag-breaking-news","tag-breakingnews","tag-ee","tag-eesti","tag-eesti-keel","tag-estonia","tag-estonian","tag-featured-news","tag-featurednews","tag-headlines","tag-juta-vahter","tag-kabi-ei-kuku","tag-latest-news","tag-latestnews","tag-liina-raud","tag-news","tag-populaarseimad-lood","tag-top-stories","tag-topstories","tag-uldised-uudised","tag-uudised","tag-viimased-uudised"],"share_on_mastodon":{"url":"https:\/\/pubeurope.com\/@ee\/117150379374038624","error":""},"_links":{"self":[{"href":"https:\/\/www.europesays.com\/ee\/wp-json\/wp\/v2\/posts\/259504","targetHints":{"allow":["GET"]}}],"collection":[{"href":"https:\/\/www.europesays.com\/ee\/wp-json\/wp\/v2\/posts"}],"about":[{"href":"https:\/\/www.europesays.com\/ee\/wp-json\/wp\/v2\/types\/post"}],"author":[{"embeddable":true,"href":"https:\/\/www.europesays.com\/ee\/wp-json\/wp\/v2\/users\/2"}],"replies":[{"embeddable":true,"href":"https:\/\/www.europesays.com\/ee\/wp-json\/wp\/v2\/comments?post=259504"}],"version-history":[{"count":0,"href":"https:\/\/www.europesays.com\/ee\/wp-json\/wp\/v2\/posts\/259504\/revisions"}],"wp:featuredmedia":[{"embeddable":true,"href":"https:\/\/www.europesays.com\/ee\/wp-json\/wp\/v2\/media\/259505"}],"wp:attachment":[{"href":"https:\/\/www.europesays.com\/ee\/wp-json\/wp\/v2\/media?parent=259504"}],"wp:term":[{"taxonomy":"category","embeddable":true,"href":"https:\/\/www.europesays.com\/ee\/wp-json\/wp\/v2\/categories?post=259504"},{"taxonomy":"post_tag","embeddable":true,"href":"https:\/\/www.europesays.com\/ee\/wp-json\/wp\/v2\/tags?post=259504"}],"curies":[{"name":"wp","href":"https:\/\/api.w.org\/{rel}","templated":true}]}}