{"id":259522,"date":"2026-08-24T12:21:42","date_gmt":"2026-08-24T12:21:42","guid":{"rendered":"https:\/\/www.europesays.com\/ee\/259522\/"},"modified":"2026-08-24T12:21:42","modified_gmt":"2026-08-24T12:21:42","slug":"venemaa-ja-ukraina-vahetasid-ool-vastu-22-augustit-looke","status":"publish","type":"post","link":"https:\/\/www.europesays.com\/ee\/259522\/","title":{"rendered":"Venemaa ja Ukraina vahetasid \u00f6\u00f6l vastu 22. augustit l\u00f6\u00f6ke"},"content":{"rendered":"<p>Nagu teatavad kohalikud v\u00f5imud, andsid Venemaa s\u00f5jav\u00e4elased \u00f6\u00f6l vastu 22. augustit l\u00f6\u00f6gi Kiievisse \u2013 linna Darn\u00f5tsja rajoonis s\u00fcttis ladu. Esialgsetel andmetel hukkus \u00fcks inimene, mitu inimest sai vigastada, vahendab Meduza.<\/p>\n<p data-path-to-node=\"2\">Ukrzaizn\u00f5tsja (Ukraina Raudteed) juht Oleksandr Pertsovsk\u00f5i t\u00e4psustas, et Vene v\u00e4ed andsid raketil\u00f6\u00f6gi \u00fchele raudtee-ettev\u00f5ttele Kiievi Darn\u00f5tsja rajoonis. R\u00fcnnaku tagaj\u00e4rjel hukkus ettev\u00f5tte t\u00f6\u00f6taja.<\/p>\n<p data-path-to-node=\"3\">Odessas piirkonnas sattus Vene l\u00f6\u00f6gi alla samuti raudtee. Rozdilna jaamas sai kahjustada vaksal.<\/p>\n<p data-path-to-node=\"4\">Zaporizhzhia oblastis r\u00fcndasid Venemaa s\u00f5jav\u00e4elased \u00f6\u00f6sel droonidega Ku\u0161uhumi alevit, teatas piirkonna juht Ivan Fedorov. L\u00f6\u00f6gi tagaj\u00e4rjel hukkus \u00fcks inimene, neli sai vigastada.<\/p>\n<p data-path-to-node=\"5\">Omakorda Ukraina r\u00fcndas \u00f6\u00f6l vastu 22. augustit droonidega rida Venemaa regioone. Samara oblastis tekkis p\u00e4rast droonir\u00fcnnakut tulekahju Ozoni logistikakompleksi territooriumil T\u0161apajevskis, kirjutab Meduza viitega oblasti kubernerile. Nagu teatab The Kyiv Independent, r\u00fcnnati samuti Novokuib\u00f5\u0161evski naftat\u00f6\u00f6tlemistehast. Teave kahjustuste ulatuse kohta on t\u00e4psustamisel.<\/p>\n","protected":false},"excerpt":{"rendered":"Nagu teatavad kohalikud v\u00f5imud, andsid Venemaa s\u00f5jav\u00e4elased \u00f6\u00f6l vastu 22. augustit l\u00f6\u00f6gi Kiievisse \u2013 linna Darn\u00f5tsja rajoonis s\u00fcttis&hellip;\n","protected":false},"author":2,"featured_media":259523,"comment_status":"","ping_status":"","sticky":false,"template":"","format":"standard","meta":{"footnotes":"","_share_on_mastodon":"0"},"categories":[80],"tags":[26,27,100943,37,33,35,34,36,31,32,21,1208,100944,28,29,95,19,25,1313,100945,100946,23,24,262,22,20,100947,100948,30,92,93,94,100949,100950],"class_list":["post-259522","post","type-post","status-publish","format-standard","has-post-thumbnail","category-maailm","tag-breaking-news","tag-breakingnews","tag-droonirunnak-droonide-runnak","tag-ee","tag-eesti","tag-eesti-keel","tag-estonia","tag-estonian","tag-featured-news","tag-featurednews","tag-headlines","tag-kiiev","tag-laod-venemaal","tag-latest-news","tag-latestnews","tag-maailm","tag-news","tag-populaarseimad-lood","tag-raudtee","tag-runnak-naftatootlemistehase-pihta","tag-runnak-ukraina-vastu","tag-top-stories","tag-topstories","tag-ukraina","tag-uldised-uudised","tag-uudised","tag-venemaa-lookrunnak","tag-venemaa-ja-ukraina","tag-viimased-uudised","tag-world","tag-world-news","tag-worldnews","tag-zaporizhzhja","tag-100950"],"share_on_mastodon":{"url":"","error":"Validation failed: Text character limit of 500 exceeded"},"_links":{"self":[{"href":"https:\/\/www.europesays.com\/ee\/wp-json\/wp\/v2\/posts\/259522","targetHints":{"allow":["GET"]}}],"collection":[{"href":"https:\/\/www.europesays.com\/ee\/wp-json\/wp\/v2\/posts"}],"about":[{"href":"https:\/\/www.europesays.com\/ee\/wp-json\/wp\/v2\/types\/post"}],"author":[{"embeddable":true,"href":"https:\/\/www.europesays.com\/ee\/wp-json\/wp\/v2\/users\/2"}],"replies":[{"embeddable":true,"href":"https:\/\/www.europesays.com\/ee\/wp-json\/wp\/v2\/comments?post=259522"}],"version-history":[{"count":0,"href":"https:\/\/www.europesays.com\/ee\/wp-json\/wp\/v2\/posts\/259522\/revisions"}],"wp:featuredmedia":[{"embeddable":true,"href":"https:\/\/www.europesays.com\/ee\/wp-json\/wp\/v2\/media\/259523"}],"wp:attachment":[{"href":"https:\/\/www.europesays.com\/ee\/wp-json\/wp\/v2\/media?parent=259522"}],"wp:term":[{"taxonomy":"category","embeddable":true,"href":"https:\/\/www.europesays.com\/ee\/wp-json\/wp\/v2\/categories?post=259522"},{"taxonomy":"post_tag","embeddable":true,"href":"https:\/\/www.europesays.com\/ee\/wp-json\/wp\/v2\/tags?post=259522"}],"curies":[{"name":"wp","href":"https:\/\/api.w.org\/{rel}","templated":true}]}}