{"id":259532,"date":"2026-08-24T12:32:12","date_gmt":"2026-08-24T12:32:12","guid":{"rendered":"https:\/\/www.europesays.com\/ee\/259532\/"},"modified":"2026-08-24T12:32:12","modified_gmt":"2026-08-24T12:32:12","slug":"aimar-ventsel-%e2%9f%a9-sojavastased-vene-punkarid-hoiavad-madalat-profiili-kuid-leidub-ka-haalekaid-erandeid","status":"publish","type":"post","link":"https:\/\/www.europesays.com\/ee\/259532\/","title":{"rendered":"AIMAR VENTSEL \u27e9 S\u00f5javastased Vene punkarid hoiavad madalat profiili \u2013 kuid leidub ka h\u00e4\u00e4lekaid erandeid"},"content":{"rendered":"<p class=\"MsoNormal\">Kuulus ja v\u00e4idetavalt ainukene N\u00f5ukogude Liidu rokiajakirjanik Artemi Troitski \u00fctleb oma raamatus \u00abBack in the USSR. Roki ajalugu raudse eesriide taga\u00bb (ilmus 2023. aastal eestikeelses t\u00f5lkes Kullapuu Grupi kirjastuse alt), et Venemaal vindus punk kaua aega ega saanud kuidagi tuult tiibadesse, sest venelased, ka noored, v\u00f5\u00f5ristasid n\u00f5ukogude propaganda poolt pungile loodud fa\u0161istlikku imagot, kirjutab etnoloog Aimar Ventsel (SDE).<\/p>\n","protected":false},"excerpt":{"rendered":"Kuulus ja v\u00e4idetavalt ainukene N\u00f5ukogude Liidu rokiajakirjanik Artemi Troitski \u00fctleb oma raamatus \u00abBack in the USSR. Roki ajalugu&hellip;\n","protected":false},"author":2,"featured_media":259533,"comment_status":"","ping_status":"","sticky":false,"template":"","format":"standard","meta":{"footnotes":"","_share_on_mastodon":"0"},"categories":[80],"tags":[11744,100951,26,27,100954,37,33,35,34,36,31,32,100953,21,100956,100958,100952,28,29,95,100957,100955,19,431,25,8481,23,24,262,22,20,96,30,92,93,94],"class_list":["post-259532","post","type-post","status-publish","format-standard","has-post-thumbnail","category-maailm","tag-aleksander-dugin","tag-artemi-troitski","tag-breaking-news","tag-breakingnews","tag-eduard-limonov","tag-ee","tag-eesti","tag-eesti-keel","tag-estonia","tag-estonian","tag-featured-news","tag-featurednews","tag-grazdanskaja-oborona","tag-headlines","tag-jegor-letov","tag-krimmi-annekteerimist","tag-kullapuu-grupp","tag-latest-news","tag-latestnews","tag-maailm","tag-naiv","tag-natsionaalbolsevistlik-partei","tag-news","tag-noukogude-liit","tag-populaarseimad-lood","tag-punk","tag-top-stories","tag-topstories","tag-ukraina","tag-uldised-uudised","tag-uudised","tag-venemaa","tag-viimased-uudised","tag-world","tag-world-news","tag-worldnews"],"share_on_mastodon":{"url":"","error":"Validation failed: Text character limit of 500 exceeded"},"_links":{"self":[{"href":"https:\/\/www.europesays.com\/ee\/wp-json\/wp\/v2\/posts\/259532","targetHints":{"allow":["GET"]}}],"collection":[{"href":"https:\/\/www.europesays.com\/ee\/wp-json\/wp\/v2\/posts"}],"about":[{"href":"https:\/\/www.europesays.com\/ee\/wp-json\/wp\/v2\/types\/post"}],"author":[{"embeddable":true,"href":"https:\/\/www.europesays.com\/ee\/wp-json\/wp\/v2\/users\/2"}],"replies":[{"embeddable":true,"href":"https:\/\/www.europesays.com\/ee\/wp-json\/wp\/v2\/comments?post=259532"}],"version-history":[{"count":0,"href":"https:\/\/www.europesays.com\/ee\/wp-json\/wp\/v2\/posts\/259532\/revisions"}],"wp:featuredmedia":[{"embeddable":true,"href":"https:\/\/www.europesays.com\/ee\/wp-json\/wp\/v2\/media\/259533"}],"wp:attachment":[{"href":"https:\/\/www.europesays.com\/ee\/wp-json\/wp\/v2\/media?parent=259532"}],"wp:term":[{"taxonomy":"category","embeddable":true,"href":"https:\/\/www.europesays.com\/ee\/wp-json\/wp\/v2\/categories?post=259532"},{"taxonomy":"post_tag","embeddable":true,"href":"https:\/\/www.europesays.com\/ee\/wp-json\/wp\/v2\/tags?post=259532"}],"curies":[{"name":"wp","href":"https:\/\/api.w.org\/{rel}","templated":true}]}}