{"id":259566,"date":"2026-08-24T13:07:34","date_gmt":"2026-08-24T13:07:34","guid":{"rendered":"https:\/\/www.europesays.com\/ee\/259566\/"},"modified":"2026-08-24T13:07:34","modified_gmt":"2026-08-24T13:07:34","slug":"burnham-annab-ukrainale-joonised-kaugmaarakettide-tootmiseks-valismaa","status":"publish","type":"post","link":"https:\/\/www.europesays.com\/ee\/259566\/","title":{"rendered":"Burnham annab Ukrainale joonised kaugmaarakettide tootmiseks | V\u00e4lismaa"},"content":{"rendered":"<p>Suurbritannia peaminister Andy Burnham annab esmasp\u00e4eval Kiievisse saabudes \u00fcle salastatud teabe Prantsuse kaugmaaraketi Scalp Briti p\u00e4ritolu komponentide kohta, mis v\u00f5imaldab Ukrainal hakata rakette ise tootma.<\/p>\n<p>Enne Burnhami esimest peaministrina toimuvat visiiti n\u00f5ustus \u00dchendkuningriik andma Ukrainale salastatud joonised kaugmaaraketi kohta, mis suudab anda l\u00f6\u00f6ke s\u00fcgavale vaenlase tagalasse.<\/p>\n<p>Burnham teatas, et valitsus andis kaitset\u00f6\u00f6stusettev\u00f5ttele MBDA loa jagada salastatud teavet Briti Storm Shadow tiibraketi Prantsuse analoogi, kaugmaaraketi Scalp Briti komponentide kohta.<\/p>\n<p>Briti osiste lisamine v\u00f5imaldab Ukrainal alustada rakettide kohapealset tootmist.\u00a0<\/p>\n<p>Otsus j\u00e4rgneb eelmise n\u00e4dala murrangulisele kaitsekokkuleppele Kiievi ja Prantsusmaa vahel, mille eesm\u00e4rk on rajada s\u00f5jast r\u00e4situd riiki uued relvade koosteliinid.<\/p>\n<p>Nii Prantsusmaal toodetav Scalp kui ka Briti Storm Shadow kasutavad \u00fchist Prantsuse ja Briti tehnoloogiat.<\/p>\n<p>\u00dchendkuningriik andis Storm Shadow rakette Ukrainale esmakordselt 2023. aastal. Alguses piirdus nende kasutamine Ukraina territooriumiga, sest tollane USA president Joe Biden blokeeris eskalatsiooniohu t\u00f5ttu r\u00fcnnakud Venemaa pinnale.<\/p>\n<p>Kuid 2024. aasta l\u00f5pus muutis Biden kurssi ja andis loa nende laiemaks kasutamiseks. Sellest ajast alates on rakette sagedasti kasutatud Venemaa sihtm\u00e4rkide r\u00fcndamiseks.<\/p>\n<p>P\u00e4rast ulatuslikke tarneid Ukrainale on nende tiibrakettide varud Suurbritannias oluliselt kahanenud. Uus leping v\u00f5imaldab hakata Prantsuse p\u00e4ritolu Scalp-rakette tootma Ukraina tehastes.<\/p>\n<p>Tegemist on \u00f5hust lastava, taval\u00f5hkepeaga kaugmaaraketiga, mis on m\u00f5eldud t\u00e4psusl\u00f6\u00f6kide andmiseks v\u00e4\u00e4rtuslike ja kindlustatud sihtm\u00e4rkide, n\u00e4iteks punkrite ja elut\u00e4htsa taristu pihta.<\/p>\n<p>Otsus toota Ukrainas Storm Shadow asemel Scalp-rakette langetati seet\u00f5ttu, et Prantsusmaa ja Ukraina vaheline projekt oli juba t\u00f6\u00f6s. Dubleerimise v\u00e4ltimiseks lubab \u00dchendkuningriik eksportida Prantsuse raketis kasutatavaid Briti komponente.<\/p>\n<p>Valitsuse s\u00f5nul j\u00e4tkab \u00dchendkuningriik projekti Brakestop raames Ukrainale eraldi odavate ja t\u00e4iustatud kaugmaarelvade arendamist. Need ehitatakse ilma USA osadeta, et tagada tarneahela s\u00f5ltumatus.<\/p>\n","protected":false},"excerpt":{"rendered":"Suurbritannia peaminister Andy Burnham annab esmasp\u00e4eval Kiievisse saabudes \u00fcle salastatud teabe Prantsuse kaugmaaraketi Scalp Briti p\u00e4ritolu komponentide kohta,&hellip;\n","protected":false},"author":2,"featured_media":259567,"comment_status":"","ping_status":"","sticky":false,"template":"","format":"standard","meta":{"footnotes":"","_share_on_mastodon":"0"},"categories":[5],"tags":[80191,26,27,37,33,35,34,36,31,32,21,100961,28,29,19,25,100962,13716,23,24,262,22,20,96,30],"class_list":["post-259566","post","type-post","status-publish","format-standard","has-post-thumbnail","category-uldised-uudised","tag-andy-burnham","tag-breaking-news","tag-breakingnews","tag-ee","tag-eesti","tag-eesti-keel","tag-estonia","tag-estonian","tag-featured-news","tag-featurednews","tag-headlines","tag-kaugmaarakett","tag-latest-news","tag-latestnews","tag-news","tag-populaarseimad-lood","tag-scalp","tag-storm-shadow","tag-top-stories","tag-topstories","tag-ukraina","tag-uldised-uudised","tag-uudised","tag-venemaa","tag-viimased-uudised"],"share_on_mastodon":{"url":"https:\/\/pubeurope.com\/@ee\/117150642781581292","error":""},"_links":{"self":[{"href":"https:\/\/www.europesays.com\/ee\/wp-json\/wp\/v2\/posts\/259566","targetHints":{"allow":["GET"]}}],"collection":[{"href":"https:\/\/www.europesays.com\/ee\/wp-json\/wp\/v2\/posts"}],"about":[{"href":"https:\/\/www.europesays.com\/ee\/wp-json\/wp\/v2\/types\/post"}],"author":[{"embeddable":true,"href":"https:\/\/www.europesays.com\/ee\/wp-json\/wp\/v2\/users\/2"}],"replies":[{"embeddable":true,"href":"https:\/\/www.europesays.com\/ee\/wp-json\/wp\/v2\/comments?post=259566"}],"version-history":[{"count":0,"href":"https:\/\/www.europesays.com\/ee\/wp-json\/wp\/v2\/posts\/259566\/revisions"}],"wp:featuredmedia":[{"embeddable":true,"href":"https:\/\/www.europesays.com\/ee\/wp-json\/wp\/v2\/media\/259567"}],"wp:attachment":[{"href":"https:\/\/www.europesays.com\/ee\/wp-json\/wp\/v2\/media?parent=259566"}],"wp:term":[{"taxonomy":"category","embeddable":true,"href":"https:\/\/www.europesays.com\/ee\/wp-json\/wp\/v2\/categories?post=259566"},{"taxonomy":"post_tag","embeddable":true,"href":"https:\/\/www.europesays.com\/ee\/wp-json\/wp\/v2\/tags?post=259566"}],"curies":[{"name":"wp","href":"https:\/\/api.w.org\/{rel}","templated":true}]}}