{"id":259590,"date":"2026-08-24T13:38:07","date_gmt":"2026-08-24T13:38:07","guid":{"rendered":"https:\/\/www.europesays.com\/ee\/259590\/"},"modified":"2026-08-24T13:38:07","modified_gmt":"2026-08-24T13:38:07","slug":"afd-voimalik-valimisvoit-paneb-saksamaa-poliitilise-eliidi-surve-alla-valismaa","status":"publish","type":"post","link":"https:\/\/www.europesays.com\/ee\/259590\/","title":{"rendered":"AfD v\u00f5imalik valimisv\u00f5it paneb Saksamaa poliitilise eliidi surve alla | V\u00e4lismaa"},"content":{"rendered":"<p>Veebiv\u00e4ljaanne Politico kirjutab, et parempopulistliku erakonna Alternatiiv Saksamaale (AfD) v\u00f5imalik valimisv\u00f5it valmistab peavooluparteidele \u00fcha suuremat peavalu. Kui AfD tuleb Saksi-Anhalti liidumaal v\u00f5imule, ei saa peavooluparteid enam parem\u00e4\u00e4rmuslikuks peetavat erakonda lihtsalt ignoreerida, vaid peavad sellega mingil m\u00e4\u00e4ral tegema koost\u00f6\u00f6d.<\/p>\n<p>AfD v\u00f5ib v\u00f5ita 6. septembril peetavad Saksi-Anhalti liidumaa valimised ning Ulrich Siegmund v\u00f5ib kerkida piirkonna juhiks. Paljud poliitikud peavad Siegmundi parem\u00e4\u00e4rmuslaseks, kuid valimiste v\u00f5idu korral v\u00f5ib ta hiljem asuda juhtima Saksamaa 16 liidumaa peaministrite iga-aastast koost\u00f6\u00f6d.<\/p>\n<p>AfD naudib Ida-Saksamaal suurt populaarsust ning v\u00f5ib saavutada Saksi-Anhalti liidumaal absoluutse enamuse. Kui Siegmund piirkonna juhiks t\u00f5useb, t\u00e4hendaks see AfD jaoks olulist sammu poliitilisest isolatsioonist v\u00e4ljumise suunas.<\/p>\n<p>Peaministrina oleks Siegmundi \u00fcks esimesi \u00fclesandeid asuda juhtima Saksamaa 16 liidumaa peaministrite regulaarsete konverentside iga-aastast roteeruvat eesistumist. Tavaliselt kaasneb selle rolliga visiit Berliini ja \u00fchine esinemine kantsleriga ajakirjanduse ees.\u00a0<\/p>\n<p>Kantsler Friedrich Merz on samas \u00f6elnud, et AfD seab kahtluse alla Saksamaa Liitvabariigi alates 1949. aastast tehtud p\u00f5him\u00f5ttelised otsused. Merz pole oma murega \u00fcksi, ka teised peavooluparteid ja suur osa Saksa meediast n\u00e4evad AfD-s ohtu riigi liberaalsele s\u00f5jaj\u00e4rgsele korrale. Seega pole veel selge, kuidas riigi poliitiline ladvik tuleks toime AfD juhitud liidumaaga.<\/p>\n<p>Mitmed poliitikud kardavad ka, et AfD juhitud liidumaa v\u00f5iks saada ligip\u00e4\u00e4su tundlikule infole, mida Venemaa saaks enda huvides \u00e4ra kasutada. Politico kirjutab, et Berliinis kaalutakse n\u00fc\u00fcd lahendusi, kuidas tulla toime populistide juhitud liidumaaga.\u00a0<\/p>\n<p>\u00dcheks variandiks oleks korraldada tundlikel teemadel mitteametlikke kohtumisi, kuhu AfD esindajat ei kutsutaks. Sellistel kohtumistel osaleksid ainult 15 siseministrit, ilma Saksi-Anhalti esindajata.<\/p>\n<p>&#8220;See idee on kindlasti m\u00f5eldav. Kui kaua see toimiks ja kas kohtud seda taluksid, on muidugi teine \u200b\u200bk\u00fcsimus,&#8221; \u00fctles Saksimaa konstitutsioonikohtu endine kohtunik Christoph Degenhart.\u00a0<\/p>\n<p>Lisaks v\u00f5ib Berliin piirata AfD juurdep\u00e4\u00e4su luureinfole.\u00a0<\/p>\n<p>&#8220;Me saame oma \u00fchistesse infos\u00fcsteemidesse ehitada Hiina m\u00fc\u00fcre, t\u00f5kkeid, mis blokeerivad teatud teavet,,&#8221; \u00fctles sotsiaaldemokraatliku partei (SPD) poliitik ja T\u00fc\u00fcringi liidumaa siseminister Georg Maier.\u00a0<\/p>\n<p>Samuti v\u00f5ib Berliin avaldada AfD juhitavale liidumaale rahalist survet, n\u00e4iteks v\u00e4hendades sellele eraldatavaid toetusi. Selleks v\u00f5iks kasutada Saksamaa liidumaade rahanduslikku tasandusmehhanismi, mille kaudu suunatakse j\u00f5ukamatest liidumaadest raha v\u00e4iksema tulubaasiga piirkondadesse. Saksi-Anhalt on sellest s\u00fcsteemist aastaid tugevalt s\u00f5ltunud. Selline samm v\u00f5ib aga kaasa tuua ulatuslikud \u00f5igusvaidlused.<\/p>\n<p>K\u00f5ige viimase sammuna v\u00f5ib Berliin rakendada ka p\u00f5hiseaduses s\u00e4testatud meedet, millega f\u00f6deraalvalitsus v\u00f5iks sundida liidumaad f\u00f6deraalseadusi j\u00e4rgima. Seda v\u00f5imalust pole Saksamaal seni veel kasutatud.<\/p>\n<p><a href=\"https:\/\/www.politico.eu\/article\/germany-afd-saxony-anhalt-ulrich-siegmund-government\/\" target=\"_blank\" rel=\"noopener nofollow\">Politico<\/a> toob veel v\u00e4lja, et AfD liigne survestamine v\u00f5ib populistidele l\u00f5puks hoopis kasuks tulla. AfD saaks siis v\u00e4ita, et poliitiline eliit p\u00fc\u00fcab valimistulemusi eirata. Juba praegu v\u00e4heneb avalikkuse toetus AfD-vastasele tulem\u00fc\u00fcrile ning \u00fcha rohkem inimesi leiab, et populistid tuleks mingil m\u00e4\u00e4ral kaasata valitsemisse.\u00a0<\/p>\n","protected":false},"excerpt":{"rendered":"Veebiv\u00e4ljaanne Politico kirjutab, et parempopulistliku erakonna Alternatiiv Saksamaale (AfD) v\u00f5imalik valimisv\u00f5it valmistab peavooluparteidele \u00fcha suuremat peavalu. Kui AfD&hellip;\n","protected":false},"author":2,"featured_media":259591,"comment_status":"","ping_status":"","sticky":false,"template":"","format":"standard","meta":{"footnotes":"","_share_on_mastodon":"0"},"categories":[80],"tags":[12512,26,27,37,33,35,34,36,31,32,1142,21,28,29,57799,95,19,25,51,23,24,22,20,670,30,92,93,94],"class_list":["post-259590","post","type-post","status-publish","format-standard","has-post-thumbnail","category-maailm","tag-afd","tag-breaking-news","tag-breakingnews","tag-ee","tag-eesti","tag-eesti-keel","tag-estonia","tag-estonian","tag-featured-news","tag-featurednews","tag-friedrich-merz","tag-headlines","tag-latest-news","tag-latestnews","tag-liidumaa","tag-maailm","tag-news","tag-populaarseimad-lood","tag-saksamaa","tag-top-stories","tag-topstories","tag-uldised-uudised","tag-uudised","tag-valimised","tag-viimased-uudised","tag-world","tag-world-news","tag-worldnews"],"share_on_mastodon":{"url":"https:\/\/pubeurope.com\/@ee\/117150764599208109","error":""},"_links":{"self":[{"href":"https:\/\/www.europesays.com\/ee\/wp-json\/wp\/v2\/posts\/259590","targetHints":{"allow":["GET"]}}],"collection":[{"href":"https:\/\/www.europesays.com\/ee\/wp-json\/wp\/v2\/posts"}],"about":[{"href":"https:\/\/www.europesays.com\/ee\/wp-json\/wp\/v2\/types\/post"}],"author":[{"embeddable":true,"href":"https:\/\/www.europesays.com\/ee\/wp-json\/wp\/v2\/users\/2"}],"replies":[{"embeddable":true,"href":"https:\/\/www.europesays.com\/ee\/wp-json\/wp\/v2\/comments?post=259590"}],"version-history":[{"count":0,"href":"https:\/\/www.europesays.com\/ee\/wp-json\/wp\/v2\/posts\/259590\/revisions"}],"wp:featuredmedia":[{"embeddable":true,"href":"https:\/\/www.europesays.com\/ee\/wp-json\/wp\/v2\/media\/259591"}],"wp:attachment":[{"href":"https:\/\/www.europesays.com\/ee\/wp-json\/wp\/v2\/media?parent=259590"}],"wp:term":[{"taxonomy":"category","embeddable":true,"href":"https:\/\/www.europesays.com\/ee\/wp-json\/wp\/v2\/categories?post=259590"},{"taxonomy":"post_tag","embeddable":true,"href":"https:\/\/www.europesays.com\/ee\/wp-json\/wp\/v2\/tags?post=259590"}],"curies":[{"name":"wp","href":"https:\/\/api.w.org\/{rel}","templated":true}]}}