{"id":259596,"date":"2026-08-24T13:47:10","date_gmt":"2026-08-24T13:47:10","guid":{"rendered":"https:\/\/www.europesays.com\/ee\/259596\/"},"modified":"2026-08-24T13:47:10","modified_gmt":"2026-08-24T13:47:10","slug":"maradona-jumala-kae-varava-pall-muudi-ligi-kolme-miljoni-euro-eest-jalgpall","status":"publish","type":"post","link":"https:\/\/www.europesays.com\/ee\/259596\/","title":{"rendered":"Maradona &#8220;jumala k\u00e4e&#8221; v\u00e4rava pall m\u00fc\u00fcdi ligi kolme miljoni euro eest | Jalgpall"},"content":{"rendered":"<p>Diego Maradona 1986. aasta maailmameistriv\u00f5istlustel l\u00f6\u00f6dud kuulsa &#8220;jumala k\u00e4e&#8221; v\u00e4rava pall m\u00fc\u00fcdi Ameerika \u00dchendriikides toimunud oksjonil umbes 2,9 miljoni euro eest.<\/p>\n<p>Maradona l\u00f5i Argentina 2:1 v\u00f5idum\u00e4ngus Inglismaa vastu \u00fche jalgpalliajaloo kuulsaima v\u00e4rava. Argentina legend kerkis v\u00e4ravavahi Peter Shiltoni vastu \u00f5hku ning suunas palli k\u00e4ega v\u00e4ravasse. Tuneesia kohtunik Ali Bin Nasser luges tabamuse v\u00e4ravaks, hoolimata Inglismaa m\u00e4ngijate protestidest.<\/p>\n<p>Oksjonil m\u00fc\u00fcdud Adidas Azteca pall j\u00e4i p\u00e4rast kohtumist Bin Nasserile. 2023. aastal kinnitas kohtunik allkirjastatud kirjaga, et tegemist on sama palliga, mida 1986. aasta veerandfinaalis kasutati.<\/p>\n<p>Heritage&#8217;i oksjonil maksti palli eest 3,3 miljonit dollarit ehk umbes 2,9 miljonit eurot. Summa j\u00e4i siiski korraldajate ootustele alla, sest enne oksjonit hinnati palli v\u00f5imalikuks m\u00fc\u00fcgihinnaks ligi k\u00fcmme miljonit dollarit ehk umbes 8,5 miljonit eurot.<\/p>\n<p>Pall oli oksjonil ka 2022. aastal, kui Bin Nasser m\u00fc\u00fcs selle umbes kahe miljoni euro eest. Uus omanik pani palli 2023. aastal uuesti m\u00fc\u00fcki, kuid toona j\u00e4i tehing \u00e4ra, sest k\u00f5rgeimad pakkumised ei \u00fcletanud kehtestatud alghinda.<\/p>\n<p>Ka Maradona samas m\u00e4ngus kantud s\u00e4rkm\u00fc\u00fcdi oksjonil k\u00f5rge hinna eest. 2022. aastal m\u00fc\u00fcdi see umbes 8,3 miljoni euro eest.<\/p>\n","protected":false},"excerpt":{"rendered":"Diego Maradona 1986. aasta maailmameistriv\u00f5istlustel l\u00f6\u00f6dud kuulsa &#8220;jumala k\u00e4e&#8221; v\u00e4rava pall m\u00fc\u00fcdi Ameerika \u00dchendriikides toimunud oksjonil umbes 2,9&hellip;\n","protected":false},"author":2,"featured_media":259597,"comment_status":"","ping_status":"","sticky":false,"template":"","format":"standard","meta":{"footnotes":"","_share_on_mastodon":"0"},"categories":[18],"tags":[100976,37,33,35,34,36,159,158],"class_list":["post-259596","post","type-post","status-publish","format-standard","has-post-thumbnail","category-sport","tag-diego-maradona","tag-ee","tag-eesti","tag-eesti-keel","tag-estonia","tag-estonian","tag-sport","tag-sports"],"share_on_mastodon":{"url":"https:\/\/pubeurope.com\/@ee\/117150800031178065","error":""},"_links":{"self":[{"href":"https:\/\/www.europesays.com\/ee\/wp-json\/wp\/v2\/posts\/259596","targetHints":{"allow":["GET"]}}],"collection":[{"href":"https:\/\/www.europesays.com\/ee\/wp-json\/wp\/v2\/posts"}],"about":[{"href":"https:\/\/www.europesays.com\/ee\/wp-json\/wp\/v2\/types\/post"}],"author":[{"embeddable":true,"href":"https:\/\/www.europesays.com\/ee\/wp-json\/wp\/v2\/users\/2"}],"replies":[{"embeddable":true,"href":"https:\/\/www.europesays.com\/ee\/wp-json\/wp\/v2\/comments?post=259596"}],"version-history":[{"count":0,"href":"https:\/\/www.europesays.com\/ee\/wp-json\/wp\/v2\/posts\/259596\/revisions"}],"wp:featuredmedia":[{"embeddable":true,"href":"https:\/\/www.europesays.com\/ee\/wp-json\/wp\/v2\/media\/259597"}],"wp:attachment":[{"href":"https:\/\/www.europesays.com\/ee\/wp-json\/wp\/v2\/media?parent=259596"}],"wp:term":[{"taxonomy":"category","embeddable":true,"href":"https:\/\/www.europesays.com\/ee\/wp-json\/wp\/v2\/categories?post=259596"},{"taxonomy":"post_tag","embeddable":true,"href":"https:\/\/www.europesays.com\/ee\/wp-json\/wp\/v2\/tags?post=259596"}],"curies":[{"name":"wp","href":"https:\/\/api.w.org\/{rel}","templated":true}]}}