{"id":259616,"date":"2026-08-24T14:10:12","date_gmt":"2026-08-24T14:10:12","guid":{"rendered":"https:\/\/www.europesays.com\/ee\/259616\/"},"modified":"2026-08-24T14:10:12","modified_gmt":"2026-08-24T14:10:12","slug":"video-jaan-aru-tahtis-saada-veokijuhiks-priit-voigemast-leniniks-millistest-ametitest-unistasid-tuntud-eestlased-lapsena","status":"publish","type":"post","link":"https:\/\/www.europesays.com\/ee\/259616\/","title":{"rendered":"VIDEO | Jaan Aru tahtis saada veokijuhiks, Priit V\u00f5igemast Leniniks. Millistest ametitest unistasid tuntud eestlased lapsena?"},"content":{"rendered":"<p>Vastuseid k\u00fcsimusele, kelleks sooviti lapsep\u00f5lves saada, oli seinast seina. <a rel=\"noopener nofollow\" target=\"_blank\" href=\"https:\/\/www.delfi.ee\/teema\/72287421\/jaan-aru\" tag-id=\"72287421\">Jaan Aru<\/a> soovis saada veokijuhiks, et liigutada suuri asju. N\u00fc\u00fcd teeb ta seda sama, kuid liigutades m\u00f5tteid. Derek Lehestel ei olnud unistuste ametit, kuid esinemisest oli ta v\u00e4ikesest saadik huvitatud. <a rel=\"noopener nofollow\" target=\"_blank\" href=\"https:\/\/www.delfi.ee\/teema\/93514209\/oskar-seeman\" tag-id=\"93514209\">Oskar Seemani<\/a> jutus k\u00f5las purjetaja-, koka- ja inseneriamet. <\/p>\n<p class=\"Paragraph SCXW123342249 BCX0\">Unistused ei piirdunud ainult ametitega. <a rel=\"noopener nofollow\" target=\"_blank\" href=\"https:\/\/www.delfi.ee\/teema\/65580442\/mart-pius\" tag-id=\"65580442\">M\u00e4rt Pius<\/a> soovis 6-aastaselt saada niisama m\u00f5nusaks meheks. <a rel=\"noopener nofollow\" target=\"_blank\" href=\"https:\/\/www.delfi.ee\/teema\/292\/priit-voigemast\" tag-id=\"292\">Priit V\u00f5igemast<\/a> m\u00e4letab, et tahtis p\u00f5hiliselt suureks saada. Ta mainis ka laulja, n\u00e4itleja ning rallis\u00f5itja ametit. L\u00f5puks meenub V\u00f5igemastil, et oli periood, mil unistus oli saada Leniniks.  <\/p>\n<p class=\"Paragraph SCXW123342249 BCX0\">Vaata videost, millistest ametitest unistasid tuntud eestlased lapsep\u00f5lves.<\/p>\n<p>Kuidas see lugu Sind end tundma pani?Saada<a href=\"https:\/\/www.delfi.ee\/artikkel\/120605699\/video-jaan-aru-tahtis-saada-veokijuhiks-priit-voigemast-leniniks-millistest-ametitest-unistasid-tuntud-eestlased-lapsena\/kommentaarid\" class=\"button button--primary button--size-auto article-body-bottom__comment article-body-bottom__comment--write\" style=\"\" rel=\"nofollow noopener\" target=\"_blank\">Kommenteeri<\/a><a href=\"https:\/\/www.delfi.ee\/artikkel\/120605699\/video-jaan-aru-tahtis-saada-veokijuhiks-priit-voigemast-leniniks-millistest-ametitest-unistasid-tuntud-eestlased-lapsena\/kommentaarid\" class=\"button button--size-auto article-body-bottom__comment article-body-bottom__comment--read\" style=\"\" rel=\"nofollow noopener\" target=\"_blank\">Loe kommentaare (12)<\/a><\/p>\n","protected":false},"excerpt":{"rendered":"Vastuseid k\u00fcsimusele, kelleks sooviti lapsep\u00f5lves saada, oli seinast seina. Jaan Aru soovis saada veokijuhiks, et liigutada suuri asju.&hellip;\n","protected":false},"author":2,"featured_media":259617,"comment_status":"","ping_status":"","sticky":false,"template":"","format":"standard","meta":{"footnotes":"","_share_on_mastodon":"0"},"categories":[14],"tags":[131,130,37,33,35,34,36,16543,8630,8995,711],"class_list":["post-259616","post","type-post","status-publish","format-standard","has-post-thumbnail","category-ari","tag-ari","tag-business","tag-ee","tag-eesti","tag-eesti-keel","tag-estonia","tag-estonian","tag-jaan-aru","tag-mart-pius","tag-oskar-seeman","tag-priit-voigemast"],"share_on_mastodon":{"url":"https:\/\/pubeurope.com\/@ee\/117150890423130253","error":""},"_links":{"self":[{"href":"https:\/\/www.europesays.com\/ee\/wp-json\/wp\/v2\/posts\/259616","targetHints":{"allow":["GET"]}}],"collection":[{"href":"https:\/\/www.europesays.com\/ee\/wp-json\/wp\/v2\/posts"}],"about":[{"href":"https:\/\/www.europesays.com\/ee\/wp-json\/wp\/v2\/types\/post"}],"author":[{"embeddable":true,"href":"https:\/\/www.europesays.com\/ee\/wp-json\/wp\/v2\/users\/2"}],"replies":[{"embeddable":true,"href":"https:\/\/www.europesays.com\/ee\/wp-json\/wp\/v2\/comments?post=259616"}],"version-history":[{"count":0,"href":"https:\/\/www.europesays.com\/ee\/wp-json\/wp\/v2\/posts\/259616\/revisions"}],"wp:featuredmedia":[{"embeddable":true,"href":"https:\/\/www.europesays.com\/ee\/wp-json\/wp\/v2\/media\/259617"}],"wp:attachment":[{"href":"https:\/\/www.europesays.com\/ee\/wp-json\/wp\/v2\/media?parent=259616"}],"wp:term":[{"taxonomy":"category","embeddable":true,"href":"https:\/\/www.europesays.com\/ee\/wp-json\/wp\/v2\/categories?post=259616"},{"taxonomy":"post_tag","embeddable":true,"href":"https:\/\/www.europesays.com\/ee\/wp-json\/wp\/v2\/tags?post=259616"}],"curies":[{"name":"wp","href":"https:\/\/api.w.org\/{rel}","templated":true}]}}