{"id":259638,"date":"2026-08-24T14:36:19","date_gmt":"2026-08-24T14:36:19","guid":{"rendered":"https:\/\/www.europesays.com\/ee\/259638\/"},"modified":"2026-08-24T14:36:19","modified_gmt":"2026-08-24T14:36:19","slug":"paljud-ei-tea-pika-haiguslehe-ajal-tootamise-voimalusest","status":"publish","type":"post","link":"https:\/\/www.europesays.com\/ee\/259638\/","title":{"rendered":"Paljud ei tea pika haiguslehe ajal t\u00f6\u00f6tamise v\u00f5imalusest"},"content":{"rendered":"<p>Norstati 2026. aasta juulis l\u00e4bi viidud elanikkonna k\u00fcsitluse j\u00e4rgi teab pikal haiguslehel t\u00f6\u00f6tamise v\u00f5imalusest 21 protsenti Eesti inimestest, 15 protsenti on sellest midagi kuulnud, kuid ei tea t\u00e4pselt, mida see t\u00e4hendab. 64 protsenti ehk ligi kaks kolmandikku ei ole sellest v\u00f5imalusest aga midagi kuulnud. Samas kaaluks 87 protsenti inimestest kohandatud tingimustel t\u00f6\u00f6le naasmist ning peamise motivaatorina nimetas 85 protsenti vastajatest sissetuleku taastamist.<\/p>\n","protected":false},"excerpt":{"rendered":"Norstati 2026. aasta juulis l\u00e4bi viidud elanikkonna k\u00fcsitluse j\u00e4rgi teab pikal haiguslehel t\u00f6\u00f6tamise v\u00f5imalusest 21 protsenti Eesti inimestest,&hellip;\n","protected":false},"author":2,"featured_media":259639,"comment_status":"","ping_status":"","sticky":false,"template":"","format":"standard","meta":{"footnotes":"","_share_on_mastodon":"0"},"categories":[5],"tags":[26,27,37,33,35,34,36,31,32,20112,100988,21,28,29,19,64854,25,100989,23,24,22,20,30],"class_list":["post-259638","post","type-post","status-publish","format-standard","has-post-thumbnail","category-uldised-uudised","tag-breaking-news","tag-breakingnews","tag-ee","tag-eesti","tag-eesti-keel","tag-estonia","tag-estonian","tag-featured-news","tag-featurednews","tag-haigusleht","tag-haigusleht-ja-kaugtoo","tag-headlines","tag-latest-news","tag-latestnews","tag-news","tag-pikaajaline-haigusleht","tag-populaarseimad-lood","tag-too-ja-haigusleht-koos","tag-top-stories","tag-topstories","tag-uldised-uudised","tag-uudised","tag-viimased-uudised"],"share_on_mastodon":{"url":"https:\/\/pubeurope.com\/@ee\/117150992595068863","error":""},"_links":{"self":[{"href":"https:\/\/www.europesays.com\/ee\/wp-json\/wp\/v2\/posts\/259638","targetHints":{"allow":["GET"]}}],"collection":[{"href":"https:\/\/www.europesays.com\/ee\/wp-json\/wp\/v2\/posts"}],"about":[{"href":"https:\/\/www.europesays.com\/ee\/wp-json\/wp\/v2\/types\/post"}],"author":[{"embeddable":true,"href":"https:\/\/www.europesays.com\/ee\/wp-json\/wp\/v2\/users\/2"}],"replies":[{"embeddable":true,"href":"https:\/\/www.europesays.com\/ee\/wp-json\/wp\/v2\/comments?post=259638"}],"version-history":[{"count":0,"href":"https:\/\/www.europesays.com\/ee\/wp-json\/wp\/v2\/posts\/259638\/revisions"}],"wp:featuredmedia":[{"embeddable":true,"href":"https:\/\/www.europesays.com\/ee\/wp-json\/wp\/v2\/media\/259639"}],"wp:attachment":[{"href":"https:\/\/www.europesays.com\/ee\/wp-json\/wp\/v2\/media?parent=259638"}],"wp:term":[{"taxonomy":"category","embeddable":true,"href":"https:\/\/www.europesays.com\/ee\/wp-json\/wp\/v2\/categories?post=259638"},{"taxonomy":"post_tag","embeddable":true,"href":"https:\/\/www.europesays.com\/ee\/wp-json\/wp\/v2\/tags?post=259638"}],"curies":[{"name":"wp","href":"https:\/\/api.w.org\/{rel}","templated":true}]}}