{"id":259642,"date":"2026-08-24T14:44:11","date_gmt":"2026-08-24T14:44:11","guid":{"rendered":"https:\/\/www.europesays.com\/ee\/259642\/"},"modified":"2026-08-24T14:44:11","modified_gmt":"2026-08-24T14:44:11","slug":"prisma-klientidel-on-ripakil-ligi-200-000-eurot-boonusraha","status":"publish","type":"post","link":"https:\/\/www.europesays.com\/ee\/259642\/","title":{"rendered":"Prisma klientidel on ripakil ligi 200 000 eurot boonusraha"},"content":{"rendered":"<p>Prisma Konto on olnud Eesti klientide kasutuses 2012. aastast ja n\u00fc\u00fcdseks on Prisma Konto kliente 338 448 ja 21. augusti seisuga on neil kasutamata 198 000 eurot boonust.<\/p>\n<p>\u00abKliendid said koguda Konto boonust juuli l\u00f5puni ja kogu augustikuu jooksul on neid v\u00f5imalik veel ostudeks kasutada. Seoses Prisma Peremarketi m\u00fc\u00fcgiga Coop Eesti Kesk\u00fchistule kehtivad Prisma Konto boonused kuni 31. augustini 2026, seega julgustame kliente kontrollima oma Konto seisu ja olemasoleva boonuse kuu l\u00f5puks \u00e4ra kasutama,\u00bb kommenteerib Karron.<\/p>\n<p>Prisma Konto boonuse seisu saab kontrollida <a target=\"_blank\" rel=\"noopener noreferrer nofollow\" href=\"https:\/\/konto.prismamarket.ee\">Prisma Peremarketi lehel<\/a>.<\/p>\n<p>Prisma tuletab meelde, et ka kinkekaardid kehtivad kuni 31. augustini.<\/p>\n<p>1. augustist on suletud Prisma e-pood, kuid Wolti kaudu saab Prisma kauplustest tellimusi teha veel kuni 31. augustini. Veebipoe teenuse sulgemine on seotud Coop Eesti Kesk\u00fchistu ja Soome kaubanduskontserni SOKi vahel s\u00f5lmitud m\u00fc\u00fcgitehinguga. Prisma veebipoe platvorm on SOKi sisemine s\u00fcsteem ja seda polnud tehniliselt v\u00f5imalik tehingusse kaasata.<\/p>\n","protected":false},"excerpt":{"rendered":"Prisma Konto on olnud Eesti klientide kasutuses 2012. aastast ja n\u00fc\u00fcdseks on Prisma Konto kliente 338 448 ja&hellip;\n","protected":false},"author":2,"featured_media":259643,"comment_status":"","ping_status":"","sticky":false,"template":"","format":"standard","meta":{"footnotes":"","_share_on_mastodon":"0"},"categories":[14],"tags":[131,130,42824,37,33,35,34,36,100991,5267,9078],"class_list":["post-259642","post","type-post","status-publish","format-standard","has-post-thumbnail","category-ari","tag-ari","tag-business","tag-coop-eesti-keskuhistu","tag-ee","tag-eesti","tag-eesti-keel","tag-estonia","tag-estonian","tag-prisma-konto","tag-prisma-peremarket","tag-wolt"],"share_on_mastodon":{"url":"https:\/\/pubeurope.com\/@ee\/117151024027142305","error":""},"_links":{"self":[{"href":"https:\/\/www.europesays.com\/ee\/wp-json\/wp\/v2\/posts\/259642","targetHints":{"allow":["GET"]}}],"collection":[{"href":"https:\/\/www.europesays.com\/ee\/wp-json\/wp\/v2\/posts"}],"about":[{"href":"https:\/\/www.europesays.com\/ee\/wp-json\/wp\/v2\/types\/post"}],"author":[{"embeddable":true,"href":"https:\/\/www.europesays.com\/ee\/wp-json\/wp\/v2\/users\/2"}],"replies":[{"embeddable":true,"href":"https:\/\/www.europesays.com\/ee\/wp-json\/wp\/v2\/comments?post=259642"}],"version-history":[{"count":0,"href":"https:\/\/www.europesays.com\/ee\/wp-json\/wp\/v2\/posts\/259642\/revisions"}],"wp:featuredmedia":[{"embeddable":true,"href":"https:\/\/www.europesays.com\/ee\/wp-json\/wp\/v2\/media\/259643"}],"wp:attachment":[{"href":"https:\/\/www.europesays.com\/ee\/wp-json\/wp\/v2\/media?parent=259642"}],"wp:term":[{"taxonomy":"category","embeddable":true,"href":"https:\/\/www.europesays.com\/ee\/wp-json\/wp\/v2\/categories?post=259642"},{"taxonomy":"post_tag","embeddable":true,"href":"https:\/\/www.europesays.com\/ee\/wp-json\/wp\/v2\/tags?post=259642"}],"curies":[{"name":"wp","href":"https:\/\/api.w.org\/{rel}","templated":true}]}}