{"id":259652,"date":"2026-08-24T14:54:15","date_gmt":"2026-08-24T14:54:15","guid":{"rendered":"https:\/\/www.europesays.com\/ee\/259652\/"},"modified":"2026-08-24T14:54:15","modified_gmt":"2026-08-24T14:54:15","slug":"ceferin-valistas-fifa-presidendiks-kandideerimise-jalgpall","status":"publish","type":"post","link":"https:\/\/www.europesays.com\/ee\/259652\/","title":{"rendered":"Ceferin v\u00e4listas FIFA presidendiks kandideerimise | Jalgpall"},"content":{"rendered":"<p>UEFA president Aleksander Ceferin kinnitas, et ta ei kavatse kandideerida FIFA presidendiks, kuid tema hinnangul v\u00f5ib Gianni Infantinol 2027. aasta valimistel siiski konkurent olla.<\/p>\n<p>Infantino soovib j\u00e4rgmisel aastal FIFA presidendina j\u00e4tkata, kuid tema v\u00f5imalikku tagasivalimist saadab viimasel ajal suurenenud kriitika. \u00dcheks peamiseks vaidluskohaks on olnud plaan kaasata maailmameistriv\u00f5istluste korraldamisse ja \u00e4rilisse poolde erainvestoreid.<\/p>\n<p>Ceferin r\u00e4\u00e4kis esmasp\u00e4eval avaldatavas taskuh\u00e4\u00e4lingus &#8220;The Rest Is Politics: Leading&#8221;, et FIFA presidendi amet teda ei k\u00f6ida.<\/p>\n<p>&#8220;Ma armastan UEFA-d ja mulle meeldib siin t\u00f6\u00f6tada. Arvan, et mingil hetkel on aeg ka lihtsalt elust r\u00f5\u00f5mu tunda,&#8221; \u00fctles Ceferin.<\/p>\n<p>Ceferini s\u00f5nul on ka tema enda usaldusv\u00e4\u00e4rsus suurem, kui ta FIFA presidendiks p\u00fcrgimisest huvitatud ei ole.<\/p>\n<p>Samas usub Ceferin, et Infantino ei pruugi j\u00e4rgmistel valimistel vastasseisuta p\u00e4\u00e4seda. Tema hinnangul on FIFA praegusel presidendil kaks v\u00f5imalust: kas loobuda kandideerimisest, kui ta m\u00f5istab, et tema toetus on liiga v\u00e4ike, v\u00f5i minna valimistele ja v\u00f5tta vastu konkurendi v\u00e4ljakutse.<\/p>\n<p>&#8220;Teine v\u00f5imalus on, et ta l\u00e4heb m\u00e4rtsis valimistele, aga siis arvan, et tal on vastaskandidaat. Ma ei tea veel, kes,&#8221; s\u00f5nas Ceferin.<\/p>\n<p>UEFA president kritiseeris seejuures teravalt FIFA plaani kaasata maailmameistriv\u00f5istluste \u00e4rilisse tegevusse erainvestoreid. Ceferini hinnangul v\u00f5ib see olla jalgpallile isegi suurem oht kui Euroopa Superliiga projekt, mille vastu UEFA 2021. aastal v\u00f5itles.<\/p>\n<p>&#8220;Kui v\u00f5rrelda seda plaani algse Superliiga ideega, siis arvan, et see on isegi hullem. Jalgpall m\u00fc\u00fcdaks s\u00f5na otseses m\u00f5ttes maha,&#8221; leidis ta.<\/p>\n<p>Ceferini s\u00f5nul olid k\u00f5ik UEFA 55 liikmesf\u00f6deratsiooni investeerimisplaani suhtes kriitilised. Ta l\u00fckkas \u00fcmber v\u00e4ited, et vastuseis tuli vaid Euroopa j\u00f5ukamatest riikidest.<\/p>\n<p>&#8220;\u00dchel pool olid Inglismaa ja Saksamaa, kes ei taha seda, sest see raha pole nende jaoks nii suur. Teisel pool olid San Marino, K\u00fcpros ja Liechtenstein. Nad \u00fctlesid: me ei ole m\u00fc\u00fcgiks,&#8221; r\u00e4\u00e4kis Ceferin.<\/p>\n<p>Samuti pahandas UEFA president v\u00e4ide, et Euroopa p\u00fc\u00fcab takistada vaesemate jalgpalliriikide arengut. Ceferini s\u00f5nul on UEFA-d \u00fcritatud kujutada \u00fcleoleva eliidina, kuigi tema hinnangul on organisatsioon Infantinot tema teel FIFA presidendiks alati toetanud.<\/p>\n<p>Ceferin lisas, et tema ega UEFA ei teadnud FIFA investeerimisplaanist ega 2025. aastal USA presidendile Donald Trumpile antud FIFA rahupreemiast enne nende avalikuks tulekut.<\/p>\n<p>FIFA-lt oodatakse Ceferini kriitika kohta kommentaari.<\/p>\n","protected":false},"excerpt":{"rendered":"UEFA president Aleksander Ceferin kinnitas, et ta ei kavatse kandideerida FIFA presidendiks, kuid tema hinnangul v\u00f5ib Gianni Infantinol&hellip;\n","protected":false},"author":2,"featured_media":259653,"comment_status":"","ping_status":"","sticky":false,"template":"","format":"standard","meta":{"footnotes":"","_share_on_mastodon":"0"},"categories":[18],"tags":[37,33,35,34,36,172,983,1513,2828,159,158,2826,2827,1442],"class_list":["post-259652","post","type-post","status-publish","format-standard","has-post-thumbnail","category-sport","tag-ee","tag-eesti","tag-eesti-keel","tag-estonia","tag-estonian","tag-jalgpall","tag-kergejoustik","tag-korvpall","tag-ralli","tag-sport","tag-sports","tag-talisport","tag-tennis","tag-vorkpall"],"share_on_mastodon":{"url":"https:\/\/pubeurope.com\/@ee\/117151063523916326","error":""},"_links":{"self":[{"href":"https:\/\/www.europesays.com\/ee\/wp-json\/wp\/v2\/posts\/259652","targetHints":{"allow":["GET"]}}],"collection":[{"href":"https:\/\/www.europesays.com\/ee\/wp-json\/wp\/v2\/posts"}],"about":[{"href":"https:\/\/www.europesays.com\/ee\/wp-json\/wp\/v2\/types\/post"}],"author":[{"embeddable":true,"href":"https:\/\/www.europesays.com\/ee\/wp-json\/wp\/v2\/users\/2"}],"replies":[{"embeddable":true,"href":"https:\/\/www.europesays.com\/ee\/wp-json\/wp\/v2\/comments?post=259652"}],"version-history":[{"count":0,"href":"https:\/\/www.europesays.com\/ee\/wp-json\/wp\/v2\/posts\/259652\/revisions"}],"wp:featuredmedia":[{"embeddable":true,"href":"https:\/\/www.europesays.com\/ee\/wp-json\/wp\/v2\/media\/259653"}],"wp:attachment":[{"href":"https:\/\/www.europesays.com\/ee\/wp-json\/wp\/v2\/media?parent=259652"}],"wp:term":[{"taxonomy":"category","embeddable":true,"href":"https:\/\/www.europesays.com\/ee\/wp-json\/wp\/v2\/categories?post=259652"},{"taxonomy":"post_tag","embeddable":true,"href":"https:\/\/www.europesays.com\/ee\/wp-json\/wp\/v2\/tags?post=259652"}],"curies":[{"name":"wp","href":"https:\/\/api.w.org\/{rel}","templated":true}]}}