{"id":259662,"date":"2026-08-24T15:08:09","date_gmt":"2026-08-24T15:08:09","guid":{"rendered":"https:\/\/www.europesays.com\/ee\/259662\/"},"modified":"2026-08-24T15:08:09","modified_gmt":"2026-08-24T15:08:09","slug":"diislinappus-euroopas-lennutas-tanklates-diislihinna-taas-kahe-euro-kanti","status":"publish","type":"post","link":"https:\/\/www.europesays.com\/ee\/259662\/","title":{"rendered":"Diislinappus Euroopas lennutas tanklates diislihinna taas kahe euro kanti"},"content":{"rendered":"<p>Maailmaturul on k\u00fctusehindade surve taas j\u00f5uliselt kasvanud, kuid Eesti tanklapostidel pole see veel t\u00e4ies ulatuses n\u00e4ha. Kohalikud hinnad on mitme kuu taguse tasemega v\u00f5rreldes isegi veidi madalamad, samal ajal kui globaalne diisli ja bensiinipuudus s\u00fcveneb ning rafineerimistehased t\u00f6\u00f6tavad oma v\u00f5imete piiril.<\/p>\n<p>Mida see t\u00e4hendab Eesti autojuhtidele ja ettev\u00f5tetele, kui diislihind Euroopas ronib uuesti rekordite l\u00e4hedale ja anal\u00fc\u00fctikud hoiatavad pikema k\u00fctusekriisi eest? Ning kui kaua suudab siinset hinnas\u00f5da peetav tihe konkurents maailmaturu t\u00f5usulainele vastu panna?<\/p>\n","protected":false},"excerpt":{"rendered":"Maailmaturul on k\u00fctusehindade surve taas j\u00f5uliselt kasvanud, kuid Eesti tanklapostidel pole see veel t\u00e4ies ulatuses n\u00e4ha. Kohalikud hinnad&hellip;\n","protected":false},"author":2,"featured_media":259663,"comment_status":"","ping_status":"","sticky":false,"template":"","format":"standard","meta":{"footnotes":"","_share_on_mastodon":"0"},"categories":[80],"tags":[43500,26,27,2203,9087,37,33,35,34,36,112,31,32,21,20573,3722,1925,52337,55505,28,29,95,19,25,9086,13895,23,24,262,22,20,96,30,92,93,94],"class_list":["post-259662","post","type-post","status-publish","format-standard","has-post-thumbnail","category-maailm","tag-bank-of-america","tag-breaking-news","tag-breakingnews","tag-circle-k","tag-diislikutus","tag-ee","tag-eesti","tag-eesti-keel","tag-estonia","tag-estonian","tag-euroopa","tag-featured-news","tag-featurednews","tag-headlines","tag-iea","tag-inflatsioon","tag-iraan","tag-kutusepuudus","tag-lahis-ida-soda","tag-latest-news","tag-latestnews","tag-maailm","tag-news","tag-populaarseimad-lood","tag-terminal","tag-toornafta","tag-top-stories","tag-topstories","tag-ukraina","tag-uldised-uudised","tag-uudised","tag-venemaa","tag-viimased-uudised","tag-world","tag-world-news","tag-worldnews"],"share_on_mastodon":{"url":"https:\/\/pubeurope.com\/@ee\/117151118336246249","error":""},"_links":{"self":[{"href":"https:\/\/www.europesays.com\/ee\/wp-json\/wp\/v2\/posts\/259662","targetHints":{"allow":["GET"]}}],"collection":[{"href":"https:\/\/www.europesays.com\/ee\/wp-json\/wp\/v2\/posts"}],"about":[{"href":"https:\/\/www.europesays.com\/ee\/wp-json\/wp\/v2\/types\/post"}],"author":[{"embeddable":true,"href":"https:\/\/www.europesays.com\/ee\/wp-json\/wp\/v2\/users\/2"}],"replies":[{"embeddable":true,"href":"https:\/\/www.europesays.com\/ee\/wp-json\/wp\/v2\/comments?post=259662"}],"version-history":[{"count":0,"href":"https:\/\/www.europesays.com\/ee\/wp-json\/wp\/v2\/posts\/259662\/revisions"}],"wp:featuredmedia":[{"embeddable":true,"href":"https:\/\/www.europesays.com\/ee\/wp-json\/wp\/v2\/media\/259663"}],"wp:attachment":[{"href":"https:\/\/www.europesays.com\/ee\/wp-json\/wp\/v2\/media?parent=259662"}],"wp:term":[{"taxonomy":"category","embeddable":true,"href":"https:\/\/www.europesays.com\/ee\/wp-json\/wp\/v2\/categories?post=259662"},{"taxonomy":"post_tag","embeddable":true,"href":"https:\/\/www.europesays.com\/ee\/wp-json\/wp\/v2\/tags?post=259662"}],"curies":[{"name":"wp","href":"https:\/\/api.w.org\/{rel}","templated":true}]}}