{"id":259674,"date":"2026-08-24T15:19:13","date_gmt":"2026-08-24T15:19:13","guid":{"rendered":"https:\/\/www.europesays.com\/ee\/259674\/"},"modified":"2026-08-24T15:19:13","modified_gmt":"2026-08-24T15:19:13","slug":"zelenskoi-venemaa-ei-ole-valmis-musta-mere-viljalaevade-relvarahuks","status":"publish","type":"post","link":"https:\/\/www.europesays.com\/ee\/259674\/","title":{"rendered":"Zelensk\u00f5i: Venemaa ei ole valmis Musta mere viljalaevade relvarahuks"},"content":{"rendered":"<p>Globaalsel teraviljaturul olulist rolli m\u00e4ngivad Venemaa ja Ukraina on teineteist s\u00f5ja v\u00e4ltel s\u00fc\u00fcdistanud toiduekspordiga seotud laevade r\u00fcndamises, vahendab Reuters. <\/p>\n<p>V\u00e4ljaanne teatas sel kuul, et Ukraina tegi Venemaale ettepaneku l\u00f5petada Mustal merel tsiviilsihtm\u00e4rkide vastastikune r\u00fcndamine. Venemaa l\u00fckkas selle idee tagasi, v\u00e4ites, et ei n\u00e4e alust \u201epoolikutel meetmetel\u201c, mis pakuksid vastasele vaid hinget\u00f5mbeaega.<\/p>\n<p>\u201eR\u00e4\u00e4kisin teatud liidritega ja tegin ettepaneku: nemad v\u00f5ivad oma laevadega meie sadamatest toitu vedada ja meie ei r\u00fcnda neid, isegi kui nad tulevad Venemaalt p\u00f5llumajandussaadusi tooma,\u201c lausus Zelensk\u00f5i eile ajakirjanikele tehtud avalduses. <\/p>\n<p>Tema s\u00f5nul n\u00f5uab Venemaa aga vastutasuks, et Ukraina teraviljakoridori s\u00e4\u00e4stmiseks peab Ukraina l\u00f5petama r\u00fcnnakud Venemaa energiainfrastruktuurile.<\/p>\n<p>\u201eVenemaa jaoks ei olegi asi teraviljas, vaid \u00fcksnes nende energiasektoris, ja neid kahte asja ei saa v\u00f5rrelda,\u201c s\u00f5nas Zelensk\u00f5i.<\/p>\n<p>Ta lisas, et igasugune kokkulepe, mis peataks Ukraina r\u00fcnnakud Venemaa naftat\u00f6\u00f6tlemistehastele ja k\u00fctusetranspordile, peab sisaldama ka vastastikust r\u00fcnnakute l\u00f5petamist Ukraina energias\u00fcsteemile.<\/p>\n<p>Venemaa ei ole Zelensk\u00f5i m\u00e4rkusi seni kommenteerinud. <a rel=\"noopener nofollow\" target=\"_blank\" href=\"https:\/\/www.delfi.ee\/teema\/24680929\/kreml\" tag-id=\"24680929\">Kreml<\/a> teatas siiski t\u00e4na, et astub samme Ukraina r\u00fcnnakute m\u00f5ju leevendamiseks Venemaa teraviljaekspordile.<\/p>\n<p>Kuidas see lugu Sind end tundma pani?Saada<a href=\"https:\/\/www.delfi.ee\/artikkel\/120605736\/zelenskoi-venemaa-ei-ole-valmis-musta-mere-viljalaevade-relvarahuks\/kommentaarid\" class=\"button button--primary button--size-auto article-body-bottom__comment article-body-bottom__comment--write\" style=\"\" rel=\"nofollow noopener\" target=\"_blank\">Kommenteeri<\/a><a href=\"https:\/\/www.delfi.ee\/artikkel\/120605736\/zelenskoi-venemaa-ei-ole-valmis-musta-mere-viljalaevade-relvarahuks\/kommentaarid\" class=\"button button--size-auto article-body-bottom__comment article-body-bottom__comment--read\" style=\"\" rel=\"nofollow noopener\" target=\"_blank\">Loe kommentaare (19)<\/a><\/p>\n","protected":false},"excerpt":{"rendered":"Globaalsel teraviljaturul olulist rolli m\u00e4ngivad Venemaa ja Ukraina on teineteist s\u00f5ja v\u00e4ltel s\u00fc\u00fcdistanud toiduekspordiga seotud laevade r\u00fcndamises, vahendab&hellip;\n","protected":false},"author":2,"featured_media":259675,"comment_status":"","ping_status":"","sticky":false,"template":"","format":"standard","meta":{"footnotes":"","_share_on_mastodon":"0"},"categories":[80],"tags":[26,27,37,33,35,34,36,31,32,21,103,28,29,95,19,25,107,23,24,22,20,30,263,92,93,94],"class_list":["post-259674","post","type-post","status-publish","format-standard","has-post-thumbnail","category-maailm","tag-breaking-news","tag-breakingnews","tag-ee","tag-eesti","tag-eesti-keel","tag-estonia","tag-estonian","tag-featured-news","tag-featurednews","tag-headlines","tag-kreml","tag-latest-news","tag-latestnews","tag-maailm","tag-news","tag-populaarseimad-lood","tag-soda-ukrainas","tag-top-stories","tag-topstories","tag-uldised-uudised","tag-uudised","tag-viimased-uudised","tag-volodomor-zelenskoi","tag-world","tag-world-news","tag-worldnews"],"share_on_mastodon":{"url":"https:\/\/pubeurope.com\/@ee\/117151162064269170","error":""},"_links":{"self":[{"href":"https:\/\/www.europesays.com\/ee\/wp-json\/wp\/v2\/posts\/259674","targetHints":{"allow":["GET"]}}],"collection":[{"href":"https:\/\/www.europesays.com\/ee\/wp-json\/wp\/v2\/posts"}],"about":[{"href":"https:\/\/www.europesays.com\/ee\/wp-json\/wp\/v2\/types\/post"}],"author":[{"embeddable":true,"href":"https:\/\/www.europesays.com\/ee\/wp-json\/wp\/v2\/users\/2"}],"replies":[{"embeddable":true,"href":"https:\/\/www.europesays.com\/ee\/wp-json\/wp\/v2\/comments?post=259674"}],"version-history":[{"count":0,"href":"https:\/\/www.europesays.com\/ee\/wp-json\/wp\/v2\/posts\/259674\/revisions"}],"wp:featuredmedia":[{"embeddable":true,"href":"https:\/\/www.europesays.com\/ee\/wp-json\/wp\/v2\/media\/259675"}],"wp:attachment":[{"href":"https:\/\/www.europesays.com\/ee\/wp-json\/wp\/v2\/media?parent=259674"}],"wp:term":[{"taxonomy":"category","embeddable":true,"href":"https:\/\/www.europesays.com\/ee\/wp-json\/wp\/v2\/categories?post=259674"},{"taxonomy":"post_tag","embeddable":true,"href":"https:\/\/www.europesays.com\/ee\/wp-json\/wp\/v2\/tags?post=259674"}],"curies":[{"name":"wp","href":"https:\/\/api.w.org\/{rel}","templated":true}]}}