{"id":259710,"date":"2026-08-24T16:04:09","date_gmt":"2026-08-24T16:04:09","guid":{"rendered":"https:\/\/www.europesays.com\/ee\/259710\/"},"modified":"2026-08-24T16:04:09","modified_gmt":"2026-08-24T16:04:09","slug":"fotod-%e2%9f%a9-see-laev-on-hiiglaslik-grete-griffin-puhkab-maailma-suurimal-kruiisilaeval-nadal-pardal-maksab-tuhandeid","status":"publish","type":"post","link":"https:\/\/www.europesays.com\/ee\/259710\/","title":{"rendered":"FOTOD \u27e9 \u00abSee laev on hiiglaslik!\u00bb Grete Griffin puhkab maailma suurimal kruiisilaeval, n\u00e4dal pardal maksab tuhandeid"},"content":{"rendered":"<p>Grete Griffin vahetas argip\u00e4eva troopilise p\u00e4ikese, t\u00fcrkiissinise mere ja seilava meelelahutusmaailma vastu. Koos perega Kariibi merel puhkav eestlanna jagab uhkest kruiisist kadestamisv\u00e4\u00e4rseid kaadreid ka oma j\u00e4lgijatega.<\/p>\n<p class=\"isSelectedEnd\">USA-s elav eestlanna ja endine mitmev\u00f5istleja Grete Griffin jagab Instagrami lugudes kaadreid oma pere puhkusest maailma suurimate kruiisilaevade hulka kuuluva Icon of the Seasi pardal.<\/p>\n","protected":false},"excerpt":{"rendered":"Grete Griffin vahetas argip\u00e4eva troopilise p\u00e4ikese, t\u00fcrkiissinise mere ja seilava meelelahutusmaailma vastu. Koos perega Kariibi merel puhkav eestlanna&hellip;\n","protected":false},"author":2,"featured_media":259711,"comment_status":"","ping_status":"","sticky":false,"template":"","format":"standard","meta":{"footnotes":"","_share_on_mastodon":"0"},"categories":[80],"tags":[26,27,101012,37,33,35,34,36,31,32,6411,21,101009,5922,12908,3725,101013,28,29,95,9156,19,25,14036,36830,8996,101010,101011,23,24,22,20,30,92,93,94],"class_list":["post-259710","post","type-post","status-publish","format-standard","has-post-thumbnail","category-maailm","tag-breaking-news","tag-breakingnews","tag-cococay","tag-ee","tag-eesti","tag-eesti-keel","tag-estonia","tag-estonian","tag-featured-news","tag-featurednews","tag-grete-griffin","tag-headlines","tag-icon-of-the-seas","tag-instagram","tag-kariibi-meri","tag-kruiisilaev","tag-kruiisireis","tag-latest-news","tag-latestnews","tag-maailm","tag-miami","tag-news","tag-populaarseimad-lood","tag-puhkusereis","tag-robert-griffin-iii","tag-royal-caribbean","tag-saint-martin","tag-saint-thomas","tag-top-stories","tag-topstories","tag-uldised-uudised","tag-uudised","tag-viimased-uudised","tag-world","tag-world-news","tag-worldnews"],"share_on_mastodon":{"url":"","error":"Validation failed: Text character limit of 500 exceeded"},"_links":{"self":[{"href":"https:\/\/www.europesays.com\/ee\/wp-json\/wp\/v2\/posts\/259710","targetHints":{"allow":["GET"]}}],"collection":[{"href":"https:\/\/www.europesays.com\/ee\/wp-json\/wp\/v2\/posts"}],"about":[{"href":"https:\/\/www.europesays.com\/ee\/wp-json\/wp\/v2\/types\/post"}],"author":[{"embeddable":true,"href":"https:\/\/www.europesays.com\/ee\/wp-json\/wp\/v2\/users\/2"}],"replies":[{"embeddable":true,"href":"https:\/\/www.europesays.com\/ee\/wp-json\/wp\/v2\/comments?post=259710"}],"version-history":[{"count":0,"href":"https:\/\/www.europesays.com\/ee\/wp-json\/wp\/v2\/posts\/259710\/revisions"}],"wp:featuredmedia":[{"embeddable":true,"href":"https:\/\/www.europesays.com\/ee\/wp-json\/wp\/v2\/media\/259711"}],"wp:attachment":[{"href":"https:\/\/www.europesays.com\/ee\/wp-json\/wp\/v2\/media?parent=259710"}],"wp:term":[{"taxonomy":"category","embeddable":true,"href":"https:\/\/www.europesays.com\/ee\/wp-json\/wp\/v2\/categories?post=259710"},{"taxonomy":"post_tag","embeddable":true,"href":"https:\/\/www.europesays.com\/ee\/wp-json\/wp\/v2\/tags?post=259710"}],"curies":[{"name":"wp","href":"https:\/\/api.w.org\/{rel}","templated":true}]}}