{"id":259724,"date":"2026-08-24T16:17:09","date_gmt":"2026-08-24T16:17:09","guid":{"rendered":"https:\/\/www.europesays.com\/ee\/259724\/"},"modified":"2026-08-24T16:17:09","modified_gmt":"2026-08-24T16:17:09","slug":"burnham-kiievis-ukraina-liitlased-peavad-jatkama-venemaa-survestamist-ja-noudma-tingimusteta-relvarahu","status":"publish","type":"post","link":"https:\/\/www.europesays.com\/ee\/259724\/","title":{"rendered":"Burnham Kiievis: Ukraina liitlased peavad j\u00e4tkama Venemaa survestamist ja n\u00f5udma tingimusteta relvarahu"},"content":{"rendered":"<p>Ukraina 35. iseseisvusp\u00e4eval toimunud visiidi ajal teatas Burnham, et tema valitsus toetab <a rel=\"noopener nofollow\" target=\"_blank\" href=\"https:\/\/www.delfi.ee\/teema\/29718775\/kiiev\" tag-id=\"29718775\">Kiievi<\/a> plaane alustada Suurbritannia pikamaarakettide Scalp tootmist.<\/p>\n<p>MI6 endine juht on nimetanud seda sammu v\u00e4ga oluliseks signaaliks. Peaminister juhatas esmakordselt ka vabatahtlike koalitsiooni kohtumist, kus kinnitas liitlastele, et Venemaal hakkavad Ukraina-vastases s\u00f5jas valikud otsa saama.<\/p>\n<p>Samal ajal on m\u00f5lemad pooled j\u00e4tkanud vastastikuseid r\u00fcnnakuid: sihikule on v\u00f5etud nii kaubalaod Venemaa edelaosas kui ka sadamainfrastruktuur Ukraina Odessa oblastis.<\/p>\n<p>Ukraina v\u00f5imude teatel hukkus Venemaa r\u00fcnnakutes Harkivi oblastis viis inimest. Vene ametnike s\u00f5nul hukkus aga Ukraina r\u00fcnnakutes Krasnodari krais kolm teismelist ning Belgorodi oblastis Tavrovos kaks meest.<\/p>\n<p><a rel=\"noopener nofollow\" target=\"_blank\" href=\"https:\/\/www.delfi.ee\/teema\/24680929\/kreml\" tag-id=\"24680929\">Kreml<\/a> on s\u00fc\u00fcdistanud \u00dchendkuningriiki s\u00f5jas otseses osalemises ja raketiplaanide jagamisega \u00f5li tulle valamises.<\/p>\n<p>\u201eVenemaa alustas seda ebaseaduslikku sissetungi ja v\u00f5ib selle igal ajal l\u00f5petada,\u201c \u00fctles Burnham ajakirjanikele, lubades, et Suurbritannia toetab Ukrainat vankumatult.<\/p>\n<p>Burnhami s\u00f5nul peaksid Ukraina liitlased j\u00e4tkama Venemaale surve avaldamist, et saavutada t\u00e4ielik ja tingimusteta relvarahu.<\/p>\n<p>Peaminister r\u00f5hutas, et liitlased peavad koos j\u00e4tkama koordineeritud tegevust varilaevastiku vastu ning olema \u00fchel meelel selles, kuidas see s\u00f5da l\u00f5peb. <\/p>\n<p>Kuidas see lugu Sind end tundma pani?Saada<a href=\"https:\/\/www.delfi.ee\/artikkel\/120605788\/burnham-kiievis-ukraina-liitlased-peavad-jatkama-venemaa-survestamist-ja-noudma-tingimusteta-relvarahu\/kommentaarid\" class=\"button button--primary button--size-auto article-body-bottom__comment article-body-bottom__comment--write\" style=\"\" rel=\"nofollow noopener\" target=\"_blank\">Kommenteeri<\/a><a href=\"https:\/\/www.delfi.ee\/artikkel\/120605788\/burnham-kiievis-ukraina-liitlased-peavad-jatkama-venemaa-survestamist-ja-noudma-tingimusteta-relvarahu\/kommentaarid\" class=\"button button--size-auto article-body-bottom__comment article-body-bottom__comment--read\" style=\"\" rel=\"nofollow noopener\" target=\"_blank\">Loe kommentaare (5)<\/a><\/p>\n","protected":false},"excerpt":{"rendered":"Ukraina 35. iseseisvusp\u00e4eval toimunud visiidi ajal teatas Burnham, et tema valitsus toetab Kiievi plaane alustada Suurbritannia pikamaarakettide Scalp&hellip;\n","protected":false},"author":2,"featured_media":259725,"comment_status":"","ping_status":"","sticky":false,"template":"","format":"standard","meta":{"footnotes":"","_share_on_mastodon":"0"},"categories":[5],"tags":[80191,26,27,37,33,35,34,36,31,32,21,1208,103,28,29,19,25,107,23,24,22,20,30],"class_list":["post-259724","post","type-post","status-publish","format-standard","has-post-thumbnail","category-uldised-uudised","tag-andy-burnham","tag-breaking-news","tag-breakingnews","tag-ee","tag-eesti","tag-eesti-keel","tag-estonia","tag-estonian","tag-featured-news","tag-featurednews","tag-headlines","tag-kiiev","tag-kreml","tag-latest-news","tag-latestnews","tag-news","tag-populaarseimad-lood","tag-soda-ukrainas","tag-top-stories","tag-topstories","tag-uldised-uudised","tag-uudised","tag-viimased-uudised"],"share_on_mastodon":{"url":"https:\/\/pubeurope.com\/@ee\/117151389951141874","error":""},"_links":{"self":[{"href":"https:\/\/www.europesays.com\/ee\/wp-json\/wp\/v2\/posts\/259724","targetHints":{"allow":["GET"]}}],"collection":[{"href":"https:\/\/www.europesays.com\/ee\/wp-json\/wp\/v2\/posts"}],"about":[{"href":"https:\/\/www.europesays.com\/ee\/wp-json\/wp\/v2\/types\/post"}],"author":[{"embeddable":true,"href":"https:\/\/www.europesays.com\/ee\/wp-json\/wp\/v2\/users\/2"}],"replies":[{"embeddable":true,"href":"https:\/\/www.europesays.com\/ee\/wp-json\/wp\/v2\/comments?post=259724"}],"version-history":[{"count":0,"href":"https:\/\/www.europesays.com\/ee\/wp-json\/wp\/v2\/posts\/259724\/revisions"}],"wp:featuredmedia":[{"embeddable":true,"href":"https:\/\/www.europesays.com\/ee\/wp-json\/wp\/v2\/media\/259725"}],"wp:attachment":[{"href":"https:\/\/www.europesays.com\/ee\/wp-json\/wp\/v2\/media?parent=259724"}],"wp:term":[{"taxonomy":"category","embeddable":true,"href":"https:\/\/www.europesays.com\/ee\/wp-json\/wp\/v2\/categories?post=259724"},{"taxonomy":"post_tag","embeddable":true,"href":"https:\/\/www.europesays.com\/ee\/wp-json\/wp\/v2\/tags?post=259724"}],"curies":[{"name":"wp","href":"https:\/\/api.w.org\/{rel}","templated":true}]}}