{"id":259734,"date":"2026-08-24T16:27:11","date_gmt":"2026-08-24T16:27:11","guid":{"rendered":"https:\/\/www.europesays.com\/ee\/259734\/"},"modified":"2026-08-24T16:27:11","modified_gmt":"2026-08-24T16:27:11","slug":"liina-raua-ema-juta-otsustas-abikaasaga-abielluda-parast-esmakohtumist-meil-klappis-lihtsalt-nii-hasti","status":"publish","type":"post","link":"https:\/\/www.europesays.com\/ee\/259734\/","title":{"rendered":"Liina Raua ema Juta otsustas abikaasaga abielluda p\u00e4rast esmakohtumist: meil klappis lihtsalt nii h\u00e4sti"},"content":{"rendered":"<p>Liina Raua s\u00f5nul olid m\u00f5lemad vanemad talle lapsep\u00f5lves t\u00e4htsal kohal. \u201eNeil oli selline abielu, mida t\u00e4nap\u00e4eval kutsutakse visiitabieluks,\u201c meenutas Liina. \u201eN\u00e4dala sees oli isa Tallinnas t\u00f6\u00f6l, aga absoluutselt igal n\u00e4dalavahetusel ei olnud k\u00fcsimust ka, et kas ta t\u00e4na tuleb v\u00f5i ei tule, ta veetis sajaprotsendiliselt kogu vaba aja oma perega,\u201c r\u00e4\u00e4kis ta. <\/p>\n<p>Samuti m\u00f5jutas Liinat \u00fcles kasvades tema vend, kes on temast \u00fcheksa aastat vanem. \u201eAlgul oli ta IT-mees, \u00fcletas ennast ja alustas taastuvenergiafirmaga, mida ta \u00fcles ehitab, tal on ka pisikesed lapsed,\u201c tutvustas Liina.<\/p>\n<p>Liina ema Juta Vahter meenutas, et tutvus oma tulevase abikaasaga \u00fchel peol. Juba esimesel \u00f5htul otsustasid nad, et nemad abielluvad. \u201eLihtsalt meil nii h\u00e4sti klappis esimesest hetkest,\u201c m\u00e4rkis ta. Abikaasa on temast 17 aastat vanem. \u201eHiljem tuli v\u00e4lja, et me oleme abikaasaga naaberk\u00fcladest p\u00e4rit,\u201c lisas Juta.<\/p>\n<p>Aastaid Ameerika \u00dchendriikides elanud <a rel=\"noopener nofollow\" target=\"_blank\" href=\"https:\/\/www.delfi.ee\/teema\/70428705\/liina-raud\" data-rel-date-range=\"[]\">Liina Raud<\/a> on praegu tagasi kodumaal. Hiljuti vihjas ta sotsiaalmeedias, et v\u00f5ib j\u00e4\u00e4da Eestisse plaanitust pikemaks ja teada ootab ees p\u00f5nev elupeat\u00fckk.<\/p>\n<p>Liina r\u00e4\u00e4kis <a rel=\"noopener follow nofollow\" target=\"_blank\" href=\"https:\/\/kroonika.delfi.ee\/artikkel\/120594134\/liina-raud-elust-ameerikas-uksikemast-immigrandil-on-vaga-raske-kaaslast-enda-korvale-leida\" data-rel-date-range=\"[]\">Kroonikale juulis antud intervjuus<\/a>, miks on ta kodumaal tavap\u00e4rasest pikemalt. \u201eOlen maad kuulamas ja otsimas v\u00f5imalikke investoreid, organisatsioone, produktsioonipartnereid ja fonde, kes oleksid huvitatud tegema filmiprojekti, mille auhinnafond on plaanitud olema v\u00e4gagi muljetavaldav. See on l\u00fchifilmide v\u00f5istlus, mis pikemas plaanis peaks siduma siinseid filmitootjaid v\u00e4lismaise kinoturuga ja pakkuma v\u00e4ljundi globaalses levis. Minu eesm\u00e4rk on selgeks teha, milliseks koost\u00f6\u00f6ks selles regioonis on v\u00f5imekus ja kas koost\u00f6\u00f6d saaks teha ka Ukrainaga,\u201c \u00fctles ta siis.<\/p>\n<p>Liina ja tema eksabikaasa Mihkel Raua peres kasvavad t\u00fctar Mirjam ning poeg Joosep.<\/p>\n<p>Kuidas see lugu Sind end tundma pani?Saada<a href=\"https:\/\/kroonika.delfi.ee\/artikkel\/120605782\/liina-raua-ema-juta-otsustas-abikaasaga-abielluda-parast-esmakohtumist-meil-klappis-lihtsalt-nii-hasti\/kommentaarid\" class=\"button button--primary button--size-auto article-body-bottom__comment article-body-bottom__comment--write\" style=\"\" rel=\"nofollow noopener\" target=\"_blank\">Kommenteeri<\/a><a href=\"https:\/\/kroonika.delfi.ee\/artikkel\/120605782\/liina-raua-ema-juta-otsustas-abikaasaga-abielluda-parast-esmakohtumist-meil-klappis-lihtsalt-nii-hasti\/kommentaarid\" class=\"button button--size-auto article-body-bottom__comment article-body-bottom__comment--read\" style=\"\" rel=\"nofollow noopener\" target=\"_blank\">Loe kommentaare (3)<\/a><\/p>\n","protected":false},"excerpt":{"rendered":"Liina Raua s\u00f5nul olid m\u00f5lemad vanemad talle lapsep\u00f5lves t\u00e4htsal kohal. \u201eNeil oli selline abielu, mida t\u00e4nap\u00e4eval kutsutakse visiitabieluks,\u201c&hellip;\n","protected":false},"author":2,"featured_media":259735,"comment_status":"","ping_status":"","sticky":false,"template":"","format":"standard","meta":{"footnotes":"","_share_on_mastodon":"0"},"categories":[12],"tags":[26,27,37,33,35,34,36,31,32,21,28,29,4632,19,25,23,24,22,20,30],"class_list":["post-259734","post","type-post","status-publish","format-standard","has-post-thumbnail","category-eesti","tag-breaking-news","tag-breakingnews","tag-ee","tag-eesti","tag-eesti-keel","tag-estonia","tag-estonian","tag-featured-news","tag-featurednews","tag-headlines","tag-latest-news","tag-latestnews","tag-liina-raud","tag-news","tag-populaarseimad-lood","tag-top-stories","tag-topstories","tag-uldised-uudised","tag-uudised","tag-viimased-uudised"],"share_on_mastodon":{"url":"https:\/\/pubeurope.com\/@ee\/117151429205207346","error":""},"_links":{"self":[{"href":"https:\/\/www.europesays.com\/ee\/wp-json\/wp\/v2\/posts\/259734","targetHints":{"allow":["GET"]}}],"collection":[{"href":"https:\/\/www.europesays.com\/ee\/wp-json\/wp\/v2\/posts"}],"about":[{"href":"https:\/\/www.europesays.com\/ee\/wp-json\/wp\/v2\/types\/post"}],"author":[{"embeddable":true,"href":"https:\/\/www.europesays.com\/ee\/wp-json\/wp\/v2\/users\/2"}],"replies":[{"embeddable":true,"href":"https:\/\/www.europesays.com\/ee\/wp-json\/wp\/v2\/comments?post=259734"}],"version-history":[{"count":0,"href":"https:\/\/www.europesays.com\/ee\/wp-json\/wp\/v2\/posts\/259734\/revisions"}],"wp:featuredmedia":[{"embeddable":true,"href":"https:\/\/www.europesays.com\/ee\/wp-json\/wp\/v2\/media\/259735"}],"wp:attachment":[{"href":"https:\/\/www.europesays.com\/ee\/wp-json\/wp\/v2\/media?parent=259734"}],"wp:term":[{"taxonomy":"category","embeddable":true,"href":"https:\/\/www.europesays.com\/ee\/wp-json\/wp\/v2\/categories?post=259734"},{"taxonomy":"post_tag","embeddable":true,"href":"https:\/\/www.europesays.com\/ee\/wp-json\/wp\/v2\/tags?post=259734"}],"curies":[{"name":"wp","href":"https:\/\/api.w.org\/{rel}","templated":true}]}}