{"id":259742,"date":"2026-08-24T16:38:20","date_gmt":"2026-08-24T16:38:20","guid":{"rendered":"https:\/\/www.europesays.com\/ee\/259742\/"},"modified":"2026-08-24T16:38:20","modified_gmt":"2026-08-24T16:38:20","slug":"laimjala-moisa-taassund-ja-kooli-sulgemise-dilemma","status":"publish","type":"post","link":"https:\/\/www.europesays.com\/ee\/259742\/","title":{"rendered":"Laimjala m\u00f5isa taass\u00fcnd ja kooli sulgemise dilemma"},"content":{"rendered":"<p class=\"text-muted-foreground text-[15px] leading-relaxed\">Saaremaa vald investeeris 3,4 miljonit eurot \u00fcle 200 aasta vanuse Laimjala m\u00f5isa renoveerimisse, avastades ehitust\u00f6\u00f6del 230 aasta vanused seinamaalingud, ent samal ajal \u00e4hvardab piirkonda demograafilise languse t\u00f5ttu kooli sulgemine.<\/p>\n<p><a class=\"border-border\/60 hover:border-foreground\/30 focus-visible:ring-foreground\/30 mt-3 flex items-center justify-between gap-3 border px-3 py-2 font-mono text-[10px] font-medium uppercase tracking-wide transition-colors duration-150 focus-visible:outline-none focus-visible:ring-2\" data-sentry-element=\"Link\" data-sentry-component=\"StoryCirculationTeaser\" data-sentry-source-file=\"StoryCirculation.tsx\" href=\"https:\/\/shortl.ee\/et\/estonia\" rel=\"nofollow noopener\" target=\"_blank\">T\u00c4NA \u00b7 20 LUGUVaata \u00fcle<\/a><\/p>\n<ul class=\"space-y-3 text-[15px] leading-relaxed\">\n<li class=\"flex gap-3\">\u2014Saaremaa vald on l\u00f5petanud \u00fcle 200 aasta vanuse Laimjala m\u00f5isahoone 3,4 miljoni euro suuruse renoveerimise, muutes selle multifunktsionaalseks kohalikuks keskuseks, mis majutab vallakeskust, raamatukogu, kooli ja lasteaeda.<\/li>\n<li class=\"flex gap-3\">\u2014Ehitust\u00f6\u00f6de k\u00e4igus avastatud 230 aasta vanused varjatud seinamaalingud n\u00f5udsid algse renoveerimisprojekti olulist muutmist, sealhulgas planeeritud du\u0161iruumide \u00fcmberpaigutamist ja lifti ligip\u00e4\u00e4su kohandamist.<\/li>\n<li class=\"flex gap-3\">\u2014Laimjala m\u00f5isa restaureerimist peetakse oluliseks muinsuskaitse verstapostiks, kuna Saaremaa endisest 160 m\u00f5isakompleksist on s\u00e4ilinud vaid umbes 10 protsenti ja neist vaid kolmandik on heas seisukorras.<\/li>\n<li class=\"flex gap-3\">\u2014Vaatamata edukale renoveerimisele ja avamisele plaanib Saaremaa vald demograafiliste muutuste t\u00f5ttu l\u00e4hiaastatel Orissaare g\u00fcmnaasiumi Laimjala filiaali sulgeda.<\/li>\n<\/ul>\n","protected":false},"excerpt":{"rendered":"Saaremaa vald investeeris 3,4 miljonit eurot \u00fcle 200 aasta vanuse Laimjala m\u00f5isa renoveerimisse, avastades ehitust\u00f6\u00f6del 230 aasta vanused&hellip;\n","protected":false},"author":2,"featured_media":259743,"comment_status":"","ping_status":"","sticky":false,"template":"","format":"standard","meta":{"footnotes":"","_share_on_mastodon":"0"},"categories":[12],"tags":[26,27,3298,37,33,35,34,36,31,32,406,21,101021,10230,100848,28,29,19,25,3514,948,101020,23,24,22,20,30],"class_list":["post-259742","post","type-post","status-publish","format-standard","has-post-thumbnail","category-eesti","tag-breaking-news","tag-breakingnews","tag-demograafia","tag-ee","tag-eesti","tag-eesti-keel","tag-estonia","tag-estonian","tag-featured-news","tag-featurednews","tag-haridus","tag-headlines","tag-koolisulgemine","tag-kultuuriparand","tag-laimjala-mois","tag-latest-news","tag-latestnews","tag-news","tag-populaarseimad-lood","tag-renoveerimine","tag-saaremaa","tag-seinamaalingud","tag-top-stories","tag-topstories","tag-uldised-uudised","tag-uudised","tag-viimased-uudised"],"share_on_mastodon":{"url":"https:\/\/pubeurope.com\/@ee\/117151472705123011","error":""},"_links":{"self":[{"href":"https:\/\/www.europesays.com\/ee\/wp-json\/wp\/v2\/posts\/259742","targetHints":{"allow":["GET"]}}],"collection":[{"href":"https:\/\/www.europesays.com\/ee\/wp-json\/wp\/v2\/posts"}],"about":[{"href":"https:\/\/www.europesays.com\/ee\/wp-json\/wp\/v2\/types\/post"}],"author":[{"embeddable":true,"href":"https:\/\/www.europesays.com\/ee\/wp-json\/wp\/v2\/users\/2"}],"replies":[{"embeddable":true,"href":"https:\/\/www.europesays.com\/ee\/wp-json\/wp\/v2\/comments?post=259742"}],"version-history":[{"count":0,"href":"https:\/\/www.europesays.com\/ee\/wp-json\/wp\/v2\/posts\/259742\/revisions"}],"wp:featuredmedia":[{"embeddable":true,"href":"https:\/\/www.europesays.com\/ee\/wp-json\/wp\/v2\/media\/259743"}],"wp:attachment":[{"href":"https:\/\/www.europesays.com\/ee\/wp-json\/wp\/v2\/media?parent=259742"}],"wp:term":[{"taxonomy":"category","embeddable":true,"href":"https:\/\/www.europesays.com\/ee\/wp-json\/wp\/v2\/categories?post=259742"},{"taxonomy":"post_tag","embeddable":true,"href":"https:\/\/www.europesays.com\/ee\/wp-json\/wp\/v2\/tags?post=259742"}],"curies":[{"name":"wp","href":"https:\/\/api.w.org\/{rel}","templated":true}]}}