{"id":259780,"date":"2026-08-24T17:24:07","date_gmt":"2026-08-24T17:24:07","guid":{"rendered":"https:\/\/www.europesays.com\/ee\/259780\/"},"modified":"2026-08-24T17:24:07","modified_gmt":"2026-08-24T17:24:07","slug":"henri-drell-soidab-koondisega-ungarisse-vaatamata-paigast-loodud-ninale","status":"publish","type":"post","link":"https:\/\/www.europesays.com\/ee\/259780\/","title":{"rendered":"Henri Drell s\u00f5idab koondisega Ungarisse vaatamata paigast l\u00f6\u00f6dud ninale"},"content":{"rendered":"<p>Eesti korvpallikoondise \u00fcks p\u00f5hitegijaid Henri Drell pidi laup\u00e4evase kontrollm\u00e4ngu Itaaliaga ninavigastuse t\u00f5ttu pooleli j\u00e4tma. Kuigi l\u00f6\u00f6gi tagaj\u00e4rjel l\u00e4ks tema nina veidi paigast, kinnitas koondise m\u00e4ned\u017eer Raido Roos, et Drell on juba treeningutel tagasi ning s\u00f5idab meeskonnaga neljap\u00e4evaseks MM-valikm\u00e4nguks Ungarisse.<\/p>\n<p class=\"isSelectedEnd\">Eesti kaotas laup\u00e4eval Trentos peetud viimase MM-valiksarja eelse kontrollm\u00e4ngu Itaaliale 61:83. Kohtumise avaveerandil sai Drell l\u00f6\u00f6gi vastu nina ning tema jaoks oli m\u00e4ng sellega l\u00f5ppenud.<\/p>\n","protected":false},"excerpt":{"rendered":"Eesti korvpallikoondise \u00fcks p\u00f5hitegijaid Henri Drell pidi laup\u00e4evase kontrollm\u00e4ngu Itaaliaga ninavigastuse t\u00f5ttu pooleli j\u00e4tma. Kuigi l\u00f6\u00f6gi tagaj\u00e4rjel l\u00e4ks&hellip;\n","protected":false},"author":2,"featured_media":259781,"comment_status":"","ping_status":"","sticky":false,"template":"","format":"standard","meta":{"footnotes":"","_share_on_mastodon":"0"},"categories":[5],"tags":[26,27,37,33,35,3119,34,36,31,32,21,1180,41,1513,28,29,20558,19,101037,25,24988,23,24,22,20,30],"class_list":["post-259780","post","type-post","status-publish","format-standard","has-post-thumbnail","category-uldised-uudised","tag-breaking-news","tag-breakingnews","tag-ee","tag-eesti","tag-eesti-keel","tag-eesti-korvpallikoondis","tag-estonia","tag-estonian","tag-featured-news","tag-featurednews","tag-headlines","tag-heiko-rannula","tag-henri-drell","tag-korvpall","tag-latest-news","tag-latestnews","tag-mm-valikmangud","tag-news","tag-ninavigastus","tag-populaarseimad-lood","tag-raido-roos","tag-top-stories","tag-topstories","tag-uldised-uudised","tag-uudised","tag-viimased-uudised"],"share_on_mastodon":{"url":"https:\/\/pubeurope.com\/@ee\/117151653241835674","error":""},"_links":{"self":[{"href":"https:\/\/www.europesays.com\/ee\/wp-json\/wp\/v2\/posts\/259780","targetHints":{"allow":["GET"]}}],"collection":[{"href":"https:\/\/www.europesays.com\/ee\/wp-json\/wp\/v2\/posts"}],"about":[{"href":"https:\/\/www.europesays.com\/ee\/wp-json\/wp\/v2\/types\/post"}],"author":[{"embeddable":true,"href":"https:\/\/www.europesays.com\/ee\/wp-json\/wp\/v2\/users\/2"}],"replies":[{"embeddable":true,"href":"https:\/\/www.europesays.com\/ee\/wp-json\/wp\/v2\/comments?post=259780"}],"version-history":[{"count":0,"href":"https:\/\/www.europesays.com\/ee\/wp-json\/wp\/v2\/posts\/259780\/revisions"}],"wp:featuredmedia":[{"embeddable":true,"href":"https:\/\/www.europesays.com\/ee\/wp-json\/wp\/v2\/media\/259781"}],"wp:attachment":[{"href":"https:\/\/www.europesays.com\/ee\/wp-json\/wp\/v2\/media?parent=259780"}],"wp:term":[{"taxonomy":"category","embeddable":true,"href":"https:\/\/www.europesays.com\/ee\/wp-json\/wp\/v2\/categories?post=259780"},{"taxonomy":"post_tag","embeddable":true,"href":"https:\/\/www.europesays.com\/ee\/wp-json\/wp\/v2\/tags?post=259780"}],"curies":[{"name":"wp","href":"https:\/\/api.w.org\/{rel}","templated":true}]}}