{"id":259812,"date":"2026-08-24T18:28:12","date_gmt":"2026-08-24T18:28:12","guid":{"rendered":"https:\/\/www.europesays.com\/ee\/259812\/"},"modified":"2026-08-24T18:28:12","modified_gmt":"2026-08-24T18:28:12","slug":"usa-rahandusminister-kuulutas-valja-uued-iraani-vastased-sanktsioonid-valismaa","status":"publish","type":"post","link":"https:\/\/www.europesays.com\/ee\/259812\/","title":{"rendered":"USA rahandusminister kuulutas v\u00e4lja uued Iraani-vastased sanktsioonid | V\u00e4lismaa"},"content":{"rendered":"<p>USA rahandusminister Scott Bessent kuulutas esmasp\u00e4eval v\u00e4lja uued Iraani-vastased sanktsioonid.<\/p>\n<p>Bessent teatas, et USA rahandusministeerium alustas president Trumpi k\u00e4sul operatsiooni, mille sihtm\u00e4rgiks on Iraani Islamivabariik ja selle toetajad. Bessent teatas, et Washington hakkab senisest j\u00f5ulisemalt sihtima ettev\u00f5tteid ja riike, mis aitavad Teheranil sanktsioonidest m\u00f6\u00f6da hiilida.<\/p>\n<p>Bessenti s\u00f5nul eemaldatakse USA dollarip\u00f5hisest finantss\u00fcsteemist k\u00f5ik ettev\u00f5tted, mis aitavad Iraanil raha pesta. Uued sanktsioonid laiendavad niinimetatud teiseseid sanktsioone, mis t\u00e4hendab, et karistada v\u00f5idakse ka Iraaniga \u00e4ri ajavaid v\u00e4lismaiseid ettev\u00f5tteid ja riike.<\/p>\n<p>Sanktsioonid h\u00f5lmavad veel mitut olulist sektorit, sealhulgas digivarasid, kulda, lennundust, tehnoloogiat ja laevandust, vahendas CBS News.\u00a0<\/p>\n","protected":false},"excerpt":{"rendered":"USA rahandusminister Scott Bessent kuulutas esmasp\u00e4eval v\u00e4lja uued Iraani-vastased sanktsioonid. Bessent teatas, et USA rahandusministeerium alustas president Trumpi&hellip;\n","protected":false},"author":2,"featured_media":259813,"comment_status":"","ping_status":"","sticky":false,"template":"","format":"standard","meta":{"footnotes":"","_share_on_mastodon":"0"},"categories":[14],"tags":[131,130,37,33,35,34,36,1925,2797,11940,325],"class_list":["post-259812","post","type-post","status-publish","format-standard","has-post-thumbnail","category-ari","tag-ari","tag-business","tag-ee","tag-eesti","tag-eesti-keel","tag-estonia","tag-estonian","tag-iraan","tag-sanktsioonid","tag-scott-bessent","tag-usa"],"share_on_mastodon":{"url":"https:\/\/pubeurope.com\/@ee\/117151905053210325","error":""},"_links":{"self":[{"href":"https:\/\/www.europesays.com\/ee\/wp-json\/wp\/v2\/posts\/259812","targetHints":{"allow":["GET"]}}],"collection":[{"href":"https:\/\/www.europesays.com\/ee\/wp-json\/wp\/v2\/posts"}],"about":[{"href":"https:\/\/www.europesays.com\/ee\/wp-json\/wp\/v2\/types\/post"}],"author":[{"embeddable":true,"href":"https:\/\/www.europesays.com\/ee\/wp-json\/wp\/v2\/users\/2"}],"replies":[{"embeddable":true,"href":"https:\/\/www.europesays.com\/ee\/wp-json\/wp\/v2\/comments?post=259812"}],"version-history":[{"count":0,"href":"https:\/\/www.europesays.com\/ee\/wp-json\/wp\/v2\/posts\/259812\/revisions"}],"wp:featuredmedia":[{"embeddable":true,"href":"https:\/\/www.europesays.com\/ee\/wp-json\/wp\/v2\/media\/259813"}],"wp:attachment":[{"href":"https:\/\/www.europesays.com\/ee\/wp-json\/wp\/v2\/media?parent=259812"}],"wp:term":[{"taxonomy":"category","embeddable":true,"href":"https:\/\/www.europesays.com\/ee\/wp-json\/wp\/v2\/categories?post=259812"},{"taxonomy":"post_tag","embeddable":true,"href":"https:\/\/www.europesays.com\/ee\/wp-json\/wp\/v2\/tags?post=259812"}],"curies":[{"name":"wp","href":"https:\/\/api.w.org\/{rel}","templated":true}]}}