{"id":259864,"date":"2026-08-24T19:38:11","date_gmt":"2026-08-24T19:38:11","guid":{"rendered":"https:\/\/www.europesays.com\/ee\/259864\/"},"modified":"2026-08-24T19:38:11","modified_gmt":"2026-08-24T19:38:11","slug":"teisipaeval-on-sooja-kuni-20-kraadi-ilm","status":"publish","type":"post","link":"https:\/\/www.europesays.com\/ee\/259864\/","title":{"rendered":"Teisip\u00e4eval on sooja kuni 20 kraadi | ilm"},"content":{"rendered":"<p>Teisip\u00e4ev j\u00e4\u00e4b Eesti Venemaa p\u00f5hjaosa kohal n\u00f5rgeneva ja aeglaselt ida suunas liikuva madalr\u00f5huala serva. Selle m\u00f5ju v\u00e4heneb L\u00e4\u00e4nemere \u00e4\u00e4res: sadu on harv ja tuul n\u00f5rgeneb j\u00e4rk-j\u00e4rgult. Seej\u00e4rel v\u00f5tab ilmakujundamises ohjad \u00fcle Skandinaavia kohalt aeglaselt ida suunas laienev k\u00f5rgr\u00f5huala. Selgineva taeva all langeb \u00f5hutemperatuur \u00f6\u00f6sel kohati 10 kraadist madalamale, p\u00e4eval tuleb sooja kuni 20 kraadi.<\/p>\n<p>Eelolev \u00f6\u00f6 on Eestis muutliku pilvisusega. Kohati sajab hoovihma ja paiguti tekib udu. Puhub loode- ja p\u00f5hjatuul 1-7, rannikul kuni 9, puhanguti 14 m\/s. Sooja on 8 kuni 13, rannikul kuni 16 kraadi.<\/p>\n<p>Hommik on selge v\u00f5i v\u00e4hese, kohati vahelduva pilvisusega, on \u00fcksikuid sajuhooge. Puhub loode- ja p\u00f5hjatuul 1-7, rannikul puhanguti kuni 12 m\/s. Sooja on 11 kuni 16 kraadi.<\/p>\n<p>P\u00e4ev on v\u00e4hese ja vahelduva pilvisusega. Kohati sajab hoovihma. Puhub loode- ja p\u00f5hjatuul 2-8, puhanguti 12 m\/s. Sooja on 16 kuni 20 kraadi.<\/p>\n<p>\u00d5htul on pilvi h\u00f5redalt ja ilm on olulise sajuta. Puhub loode- ja p\u00f5hjatuul 2-7, rannikul kuni 10 m\/s. Sooja on 14 kuni 17 kraadi.<\/p>\n<p>Kolmap\u00e4eval ja neljap\u00e4eval on \u00fcksikuid sajupilvi peamiselt rannikualadel. Tuul on rahulik ja \u00f6\u00f6d jahedad, miinimumid j\u00e4\u00e4vad 6 ja 12 vahele, rannikul on sooja kuni 15 kraadi, p\u00e4evasel ajal t\u00f5stab p\u00e4ike termomeetri n\u00e4idud 20 kraadi juurde ja m\u00f5nel pool ka k\u00f5rgemale. V\u00e4heste sademetega on ka reede, \u00f6\u00f6 eelnevatest soojem, p\u00e4evamaksimumid 20 kraadi juures. Laup\u00e4eval ilm muutub, kui saartele j\u00f5uab hommikul vihmasadu ja levib p\u00e4rastl\u00f5unal \u00fcle maa ida suunas. \u00d5hk on ikka m\u00f5\u00f5dukalt soe.<\/p>\n","protected":false},"excerpt":{"rendered":"Teisip\u00e4ev j\u00e4\u00e4b Eesti Venemaa p\u00f5hjaosa kohal n\u00f5rgeneva ja aeglaselt ida suunas liikuva madalr\u00f5huala serva. Selle m\u00f5ju v\u00e4heneb L\u00e4\u00e4nemere&hellip;\n","protected":false},"author":2,"featured_media":259865,"comment_status":"","ping_status":"","sticky":false,"template":"","format":"standard","meta":{"footnotes":"","_share_on_mastodon":"0"},"categories":[5],"tags":[71,26,27,37,33,35,34,36,31,32,21,28,29,19,999,25,23,24,22,20,1084,30],"class_list":["post-259864","post","type-post","status-publish","format-standard","has-post-thumbnail","category-uldised-uudised","tag-arvamus","tag-breaking-news","tag-breakingnews","tag-ee","tag-eesti","tag-eesti-keel","tag-estonia","tag-estonian","tag-featured-news","tag-featurednews","tag-headlines","tag-latest-news","tag-latestnews","tag-news","tag-poliitika","tag-populaarseimad-lood","tag-top-stories","tag-topstories","tag-uldised-uudised","tag-uudised","tag-valismaa","tag-viimased-uudised"],"share_on_mastodon":{"url":"https:\/\/pubeurope.com\/@ee\/117152180093730243","error":""},"_links":{"self":[{"href":"https:\/\/www.europesays.com\/ee\/wp-json\/wp\/v2\/posts\/259864","targetHints":{"allow":["GET"]}}],"collection":[{"href":"https:\/\/www.europesays.com\/ee\/wp-json\/wp\/v2\/posts"}],"about":[{"href":"https:\/\/www.europesays.com\/ee\/wp-json\/wp\/v2\/types\/post"}],"author":[{"embeddable":true,"href":"https:\/\/www.europesays.com\/ee\/wp-json\/wp\/v2\/users\/2"}],"replies":[{"embeddable":true,"href":"https:\/\/www.europesays.com\/ee\/wp-json\/wp\/v2\/comments?post=259864"}],"version-history":[{"count":0,"href":"https:\/\/www.europesays.com\/ee\/wp-json\/wp\/v2\/posts\/259864\/revisions"}],"wp:featuredmedia":[{"embeddable":true,"href":"https:\/\/www.europesays.com\/ee\/wp-json\/wp\/v2\/media\/259865"}],"wp:attachment":[{"href":"https:\/\/www.europesays.com\/ee\/wp-json\/wp\/v2\/media?parent=259864"}],"wp:term":[{"taxonomy":"category","embeddable":true,"href":"https:\/\/www.europesays.com\/ee\/wp-json\/wp\/v2\/categories?post=259864"},{"taxonomy":"post_tag","embeddable":true,"href":"https:\/\/www.europesays.com\/ee\/wp-json\/wp\/v2\/tags?post=259864"}],"curies":[{"name":"wp","href":"https:\/\/api.w.org\/{rel}","templated":true}]}}