{"id":259920,"date":"2026-08-24T20:55:09","date_gmt":"2026-08-24T20:55:09","guid":{"rendered":"https:\/\/www.europesays.com\/ee\/259920\/"},"modified":"2026-08-24T20:55:09","modified_gmt":"2026-08-24T20:55:09","slug":"rahapesu-andmeburoo-soovib-tagasi-oigust-inimeste-pangakontosid-uurida-3","status":"publish","type":"post","link":"https:\/\/www.europesays.com\/ee\/259920\/","title":{"rendered":"Rahapesu andmeb\u00fcroo soovib tagasi \u00f5igust inimeste pangakontosid uurida"},"content":{"rendered":"<p>See \u00f5igus peatati m\u00f6\u00f6dunud aastal, sest \u00f5iguskantsler <a rel=\"noopener nofollow\" target=\"_blank\" href=\"https:\/\/www.delfi.ee\/teema\/56498634\/ulle-madise\" tag-id=\"56498634\">\u00dclle Madise<\/a> hinnangul puudus inimeste andmete k\u00fcsimiseks korralik \u00f5iguslik alus. Nende andmete ja pankadelt saadavate vastuste puudumine piirab oluliselt andmeb\u00fcroo v\u00f5imekust v\u00e4lisriikide kolleege operatiivselt aidata.<\/p>\n<p>Lisaks piiras varasem riigikohtu otsus andmeb\u00fcroo \u00f5igust teha ettev\u00f5tetes kohapealset kontrolli, mida peetakse j\u00e4relevalve k\u00f5ige olulisemaks t\u00f6\u00f6riistaks. Nende murede lahendamiseks on riigikogus esimese lugemise l\u00e4binud eeln\u00f5u, mis annaks asutustele vajalikud \u00f5igused tagasi.<\/p>\n<p>Madise on uue eeln\u00f5u \u00fcldjoontes heaks kiitnud, kuid palus parlamendil p\u00f5hjalikult l\u00e4bi arutada isikute teavitamise t\u00e4htajad. Eeln\u00f5u kohaselt teavitataks inimest v\u00f5i ettev\u00f5tet tema pangakonto uurimisest alles viie v\u00f5i erandjuhul k\u00fcmne aasta m\u00f6\u00f6dudes. Opositsioonipoliitikute hinnangul on selline k\u00fcmneaastane teadmatuses hoidmine liiga pikk ja p\u00f5hjendamatu aeg. <\/p>\n<p>Eeln\u00f5ud kritiseeriva LHV panga esindaja m\u00e4rkis, et andmeb\u00fcroo ei ole enam uurimisasutus ning hoiatas: \u201eEelnevaga mittearvestamine t\u00f5statab k\u00fcsimuse j\u00e4litustoimingu lubatavusest ja loob j\u00e4lle pinnase vaidlusteks.\u201c Kui vaidlused teavitamise t\u00e4htaegade \u00fcle suudetakse selgeks r\u00e4\u00e4kida, v\u00f5ib riigikogu uue seaduse vastu v\u00f5tta juba t\u00e4navu oktoobris.<\/p>\n<p>Kuidas see lugu Sind end tundma pani?Saada<a href=\"https:\/\/arileht.delfi.ee\/artikkel\/120605581\/rahapesu-andmeburoo-soovib-tagasi-oigust-inimeste-pangakontosid-uurida\/kommentaarid\" class=\"button button--primary button--size-auto article-body-bottom__comment article-body-bottom__comment--write\" style=\"\" rel=\"nofollow noopener\" target=\"_blank\">Kommenteeri<\/a><a href=\"https:\/\/arileht.delfi.ee\/artikkel\/120605581\/rahapesu-andmeburoo-soovib-tagasi-oigust-inimeste-pangakontosid-uurida\/kommentaarid\" class=\"button button--size-auto article-body-bottom__comment article-body-bottom__comment--read\" style=\"\" rel=\"nofollow noopener\" target=\"_blank\">Loe kommentaare (141)<\/a><\/p>\n","protected":false},"excerpt":{"rendered":"See \u00f5igus peatati m\u00f6\u00f6dunud aastal, sest \u00f5iguskantsler \u00dclle Madise hinnangul puudus inimeste andmete k\u00fcsimiseks korralik \u00f5iguslik alus. Nende&hellip;\n","protected":false},"author":2,"featured_media":259921,"comment_status":"","ping_status":"","sticky":false,"template":"","format":"standard","meta":{"footnotes":"","_share_on_mastodon":"0"},"categories":[12],"tags":[26,27,37,33,35,34,36,31,32,21,28,29,21343,19,25,3394,3459,640,23,24,22,3457,20,30],"class_list":["post-259920","post","type-post","status-publish","format-standard","has-post-thumbnail","category-eesti","tag-breaking-news","tag-breakingnews","tag-ee","tag-eesti","tag-eesti-keel","tag-estonia","tag-estonian","tag-featured-news","tag-featurednews","tag-headlines","tag-latest-news","tag-latestnews","tag-lhv-pank","tag-news","tag-populaarseimad-lood","tag-rahapesu","tag-rahapesu-andmeburoo","tag-riigikogu","tag-top-stories","tag-topstories","tag-uldised-uudised","tag-ulle-madise","tag-uudised","tag-viimased-uudised"],"share_on_mastodon":{"url":"https:\/\/pubeurope.com\/@ee\/117152483087675946","error":""},"_links":{"self":[{"href":"https:\/\/www.europesays.com\/ee\/wp-json\/wp\/v2\/posts\/259920","targetHints":{"allow":["GET"]}}],"collection":[{"href":"https:\/\/www.europesays.com\/ee\/wp-json\/wp\/v2\/posts"}],"about":[{"href":"https:\/\/www.europesays.com\/ee\/wp-json\/wp\/v2\/types\/post"}],"author":[{"embeddable":true,"href":"https:\/\/www.europesays.com\/ee\/wp-json\/wp\/v2\/users\/2"}],"replies":[{"embeddable":true,"href":"https:\/\/www.europesays.com\/ee\/wp-json\/wp\/v2\/comments?post=259920"}],"version-history":[{"count":0,"href":"https:\/\/www.europesays.com\/ee\/wp-json\/wp\/v2\/posts\/259920\/revisions"}],"wp:featuredmedia":[{"embeddable":true,"href":"https:\/\/www.europesays.com\/ee\/wp-json\/wp\/v2\/media\/259921"}],"wp:attachment":[{"href":"https:\/\/www.europesays.com\/ee\/wp-json\/wp\/v2\/media?parent=259920"}],"wp:term":[{"taxonomy":"category","embeddable":true,"href":"https:\/\/www.europesays.com\/ee\/wp-json\/wp\/v2\/categories?post=259920"},{"taxonomy":"post_tag","embeddable":true,"href":"https:\/\/www.europesays.com\/ee\/wp-json\/wp\/v2\/tags?post=259920"}],"curies":[{"name":"wp","href":"https:\/\/api.w.org\/{rel}","templated":true}]}}