{"id":259988,"date":"2026-08-24T22:31:19","date_gmt":"2026-08-24T22:31:19","guid":{"rendered":"https:\/\/www.europesays.com\/ee\/259988\/"},"modified":"2026-08-24T22:31:19","modified_gmt":"2026-08-24T22:31:19","slug":"kolm-hiina-autotootjat-tunnevad-autoralli-mm-sarja-vastu-tosist-huvi","status":"publish","type":"post","link":"https:\/\/www.europesays.com\/ee\/259988\/","title":{"rendered":"Kolm Hiina autotootjat tunnevad autoralli MM-sarja vastu t\u00f5sist huvi"},"content":{"rendered":"<p>Rahvusvahelise Autoliidu (<a rel=\"noopener nofollow\" target=\"_blank\" href=\"https:\/\/www.delfi.ee\/teema\/24581961\/fia\" tag-id=\"24581961\">FIA<\/a>) asepresident <a rel=\"noopener nofollow\" target=\"_blank\" href=\"https:\/\/www.delfi.ee\/teema\/62911602\/malcolm-wilson\" tag-id=\"62911602\">Malcolm Wilson<\/a> kinnitas, et Hiina on autoralli MM-sarja jaoks selge sihtm\u00e4rk. Seda nii uute autotootjate kaasamise kui ka potentsiaalse v\u00f5istluspaiga osas.<\/p>\n<p>\u201eMe tahame Hiina tootjat,\u201c s\u00f5nas Wilson. \u201ePromootor on sellest teadlik ja me teeme selle nimel tugevat koost\u00f6\u00f6d. Ootame sarja suuri investeeringuid ning t\u00f6\u00f6tame paralleelselt selle kallal, et kulusid drastiliselt v\u00e4hendada.\u201c<\/p>\n<p>Wilsoni s\u00f5nul on huvi MM-sarja etapi korraldamise vastu suur ning hetkel tegutseb Hiinas lausa kaks erinevat gruppi, kes soovivad WRC karuselli tagasi Aasiasse viia.<\/p>\n<p>Viimati toimus etapp Hiinas 1999. aastal. Uus katse tehti ka 2016. aastal, mil pidi toimuma asfaldiralli Pekingi l\u00e4histel, kuid toona t\u00fchistati \u00fcritus viimasel hetkel piirkonda laastanud tormikahjustuste ja \u00fcleujutuste t\u00f5ttu.<\/p>\n<p>FIA tehniline direktor Xavier Mestelan Pinon avas potentsiaalsete uute tulijate tausta t\u00e4psemalt. Ta viitas FIA tootjate komiteele, mis koondab maailmameistriv\u00f5istlustel osalevaid autotehaseid.<\/p>\n<p>\u201eSellesse komiteesse kuulub n\u00fc\u00fcdseks juba kolm Hiina tootjat. Lisaks peame l\u00e4bir\u00e4\u00e4kimisi veel kahe tootjaga, et ka nemad sinna nimekirja lisada,\u201c selgitas Pinon.<\/p>\n<p>Seda kinnitas ka FIA maanteesporti kureeriv direktor Emilia Abel, kes kohtus Hiina tootjatega juba jaanuaris toimunud Dakari rallil.<\/p>\n<p>Kuigi ametlikke teadaandeid pole veel tehtud, on meedia andmetel need kaks ettev\u00f5tet, kes WRC vastu hetkel k\u00f5ige elavamat huvi tunnevad, br\u00e4nd Lynk &amp; Co ning selle emafirma Geely Auto.<\/p>\n<p>Kuidas see lugu Sind end tundma pani?Saada<a href=\"https:\/\/sport.delfi.ee\/artikkel\/120605784\/kolm-hiina-autotootjat-tunnevad-autoralli-mm-sarja-vastu-tosist-huvi\/kommentaarid\" class=\"button button--primary button--size-auto article-body-bottom__comment article-body-bottom__comment--write\" style=\"\" rel=\"nofollow noopener\" target=\"_blank\">Kommenteeri<\/a><a href=\"https:\/\/sport.delfi.ee\/artikkel\/120605784\/kolm-hiina-autotootjat-tunnevad-autoralli-mm-sarja-vastu-tosist-huvi\/kommentaarid\" class=\"button button--size-auto article-body-bottom__comment article-body-bottom__comment--read\" style=\"\" rel=\"nofollow noopener\" target=\"_blank\">Loe kommentaare (4)<\/a><\/p>\n","protected":false},"excerpt":{"rendered":"Rahvusvahelise Autoliidu (FIA) asepresident Malcolm Wilson kinnitas, et Hiina on autoralli MM-sarja jaoks selge sihtm\u00e4rk. Seda nii uute&hellip;\n","protected":false},"author":2,"featured_media":259989,"comment_status":"","ping_status":"","sticky":false,"template":"","format":"standard","meta":{"footnotes":"","_share_on_mastodon":"0"},"categories":[18],"tags":[37,33,35,34,36,3306,9017,159,158,1192],"class_list":["post-259988","post","type-post","status-publish","format-standard","has-post-thumbnail","category-sport","tag-ee","tag-eesti","tag-eesti-keel","tag-estonia","tag-estonian","tag-fia","tag-malcolm-wilson","tag-sport","tag-sports","tag-wrc"],"share_on_mastodon":{"url":"https:\/\/pubeurope.com\/@ee\/117152860408199128","error":""},"_links":{"self":[{"href":"https:\/\/www.europesays.com\/ee\/wp-json\/wp\/v2\/posts\/259988","targetHints":{"allow":["GET"]}}],"collection":[{"href":"https:\/\/www.europesays.com\/ee\/wp-json\/wp\/v2\/posts"}],"about":[{"href":"https:\/\/www.europesays.com\/ee\/wp-json\/wp\/v2\/types\/post"}],"author":[{"embeddable":true,"href":"https:\/\/www.europesays.com\/ee\/wp-json\/wp\/v2\/users\/2"}],"replies":[{"embeddable":true,"href":"https:\/\/www.europesays.com\/ee\/wp-json\/wp\/v2\/comments?post=259988"}],"version-history":[{"count":0,"href":"https:\/\/www.europesays.com\/ee\/wp-json\/wp\/v2\/posts\/259988\/revisions"}],"wp:featuredmedia":[{"embeddable":true,"href":"https:\/\/www.europesays.com\/ee\/wp-json\/wp\/v2\/media\/259989"}],"wp:attachment":[{"href":"https:\/\/www.europesays.com\/ee\/wp-json\/wp\/v2\/media?parent=259988"}],"wp:term":[{"taxonomy":"category","embeddable":true,"href":"https:\/\/www.europesays.com\/ee\/wp-json\/wp\/v2\/categories?post=259988"},{"taxonomy":"post_tag","embeddable":true,"href":"https:\/\/www.europesays.com\/ee\/wp-json\/wp\/v2\/tags?post=259988"}],"curies":[{"name":"wp","href":"https:\/\/api.w.org\/{rel}","templated":true}]}}