{"id":260010,"date":"2026-08-24T23:18:16","date_gmt":"2026-08-24T23:18:16","guid":{"rendered":"https:\/\/www.europesays.com\/ee\/260010\/"},"modified":"2026-08-24T23:18:16","modified_gmt":"2026-08-24T23:18:16","slug":"usa-nouab-kanadalt-muu-hulgas-keeleseaduse-muutmist-kanada-vastab-kaubasojale-samas-moodus","status":"publish","type":"post","link":"https:\/\/www.europesays.com\/ee\/260010\/","title":{"rendered":"USA n\u00f5uab Kanadalt muu hulgas keeleseaduse muutmist. Kanada vastab kaubas\u00f5jale samas m\u00f5\u00f5dus"},"content":{"rendered":"<p><img decoding=\"async\" src=\"https:\/\/www.europesays.com\/ee\/wp-content\/uploads\/2026\/08\/6da663ef-f433-443e-96e7-86f8e726645e.jpg\" loading=\"lazy\" alt=\"Donald Trump ja Mark Carney t\u00e4navu G7 kohtumisel. Trump teatas eelmisel n\u00e4dalal k\u00f5neluste \u00f5nnestumisest, kuid alustas kaks p\u00e4eva hiljem Kanadaga kaubanduss\u00f5da. \"\/><\/p>\n<p>Donald Trump ja Mark Carney t\u00e4navu G7 kohtumisel. Trump teatas eelmisel n\u00e4dalal k\u00f5neluste \u00f5nnestumisest, kuid alustas kaks p\u00e4eva hiljem Kanadaga kaubanduss\u00f5da. <\/p>\n<p>FOTO: Christopher Katsarov| The Canadian Press\/PA Images<\/p>\n<p>Prantsuse keele rolli v\u00e4hendamise k\u00f5rval n\u00f5uab <a rel=\"noopener nofollow\" target=\"_blank\" href=\"https:\/\/www.delfi.ee\/teema\/22971743\/usa\" tag-id=\"22971743\">USA<\/a> \u00f5igust otsustada, kellega <a rel=\"noopener nofollow\" target=\"_blank\" href=\"https:\/\/www.delfi.ee\/teema\/24542787\/kanada\" tag-id=\"24542787\">Kanada<\/a> tohib kaubandusleppeid s\u00f5lmida. Peaminister <a rel=\"noopener nofollow\" target=\"_blank\" href=\"https:\/\/www.delfi.ee\/teema\/70654081\/mark-carney\" tag-id=\"70654081\">Mark Carney<\/a> keeldumist toetab \u00fclekaalukalt nii Kanada rahvas kui opositsioon. <\/p>\n","protected":false},"excerpt":{"rendered":"Donald Trump ja Mark Carney t\u00e4navu G7 kohtumisel. Trump teatas eelmisel n\u00e4dalal k\u00f5neluste \u00f5nnestumisest, kuid alustas kaks p\u00e4eva&hellip;\n","protected":false},"author":2,"featured_media":260011,"comment_status":"","ping_status":"","sticky":false,"template":"","format":"standard","meta":{"footnotes":"","_share_on_mastodon":"0"},"categories":[80],"tags":[26,27,324,37,33,35,34,36,31,32,21,25237,101069,1554,13651,28,29,95,1555,19,25,23,24,22,325,101068,20,30,92,93,94],"class_list":["post-260010","post","type-post","status-publish","format-standard","has-post-thumbnail","category-maailm","tag-breaking-news","tag-breakingnews","tag-donald-trump","tag-ee","tag-eesti","tag-eesti-keel","tag-estonia","tag-estonian","tag-featured-news","tag-featurednews","tag-headlines","tag-howard-lutnick","tag-jamieson-greer","tag-kanada","tag-kaubandussoda","tag-latest-news","tag-latestnews","tag-maailm","tag-mark-carney","tag-news","tag-populaarseimad-lood","tag-top-stories","tag-topstories","tag-uldised-uudised","tag-usa","tag-usa-kaubandussoda","tag-uudised","tag-viimased-uudised","tag-world","tag-world-news","tag-worldnews"],"share_on_mastodon":{"url":"https:\/\/pubeurope.com\/@ee\/117153045466281470","error":""},"_links":{"self":[{"href":"https:\/\/www.europesays.com\/ee\/wp-json\/wp\/v2\/posts\/260010","targetHints":{"allow":["GET"]}}],"collection":[{"href":"https:\/\/www.europesays.com\/ee\/wp-json\/wp\/v2\/posts"}],"about":[{"href":"https:\/\/www.europesays.com\/ee\/wp-json\/wp\/v2\/types\/post"}],"author":[{"embeddable":true,"href":"https:\/\/www.europesays.com\/ee\/wp-json\/wp\/v2\/users\/2"}],"replies":[{"embeddable":true,"href":"https:\/\/www.europesays.com\/ee\/wp-json\/wp\/v2\/comments?post=260010"}],"version-history":[{"count":0,"href":"https:\/\/www.europesays.com\/ee\/wp-json\/wp\/v2\/posts\/260010\/revisions"}],"wp:featuredmedia":[{"embeddable":true,"href":"https:\/\/www.europesays.com\/ee\/wp-json\/wp\/v2\/media\/260011"}],"wp:attachment":[{"href":"https:\/\/www.europesays.com\/ee\/wp-json\/wp\/v2\/media?parent=260010"}],"wp:term":[{"taxonomy":"category","embeddable":true,"href":"https:\/\/www.europesays.com\/ee\/wp-json\/wp\/v2\/categories?post=260010"},{"taxonomy":"post_tag","embeddable":true,"href":"https:\/\/www.europesays.com\/ee\/wp-json\/wp\/v2\/tags?post=260010"}],"curies":[{"name":"wp","href":"https:\/\/api.w.org\/{rel}","templated":true}]}}