{"id":260016,"date":"2026-08-25T00:26:14","date_gmt":"2026-08-25T00:26:14","guid":{"rendered":"https:\/\/www.europesays.com\/ee\/260016\/"},"modified":"2026-08-25T00:26:14","modified_gmt":"2026-08-25T00:26:14","slug":"kolonelleitnant-suur-runnakud-vene-veebikaubamajadele-mojutavad-ka-olukorda-rindel-eesti","status":"publish","type":"post","link":"https:\/\/www.europesays.com\/ee\/260016\/","title":{"rendered":"Kolonelleitnant Suur: r\u00fcnnakud Vene veebikaubamajadele m\u00f5jutavad ka olukorda rindel | Eesti"},"content":{"rendered":"<p>Ukrainlaste edukad r\u00fcnnakud Venemaa naftataristule ja veebikaubamajade ladudele on p\u00f5hjustanud tarneprobleeme Vene v\u00e4gedele ja m\u00f5jutamas lisaks venemaalaste igap\u00e4evaelule olukorda rindel Ukrainas, \u00fctles &#8220;Ukraina stuudios&#8221; kolonelleitnant Marten Suur.<\/p>\n<p>Ukrainlaste edukad droonir\u00fcnnakud Venemaa naftataristule ja veebikaubamajade ladudele avaldavad m\u00e4rgatavat m\u00f5ju n\u00e4iteks Vene s\u00f5jav\u00e4e k\u00fctusega varustatusele ning oluliste elektroonikakomponentide k\u00e4ttesaadavusele, m\u00e4rkis Suur.<\/p>\n<p>&#8220;Venemaal on k\u00fctustarnete prioriteet Vene armee. Aga kuna mustal turul on k\u00fctuse hind v\u00f5rreldes kevadega t\u00f5usnud viie-kuuekordseks, siis vahepealsetes logistikaahela elementides tekib surve varastada. T\u00e4nu sellele j\u00f5uab k\u00fctust eesliini v\u00e4eosadesse v\u00e4hem. Siiamaani on k\u00fctust armee tagant varastatud ja sellele on vaadatud l\u00e4bi s\u00f5rmede. Aga n\u00fc\u00fcd ei ole enam, mida varastada, mis teeb logistika madalamal tasandil omajagu keerulisemaks,&#8221; lausus Suur.<\/p>\n<p>Lisaks on rindev\u00e4eosad kasutanud k\u00fctust nii-\u00f6elda valuutana, et puuduolevad vahendid k\u00fctust m\u00fc\u00fces v\u00f5i vahetades ise hankida, lisas ta.<\/p>\n<p>&#8220;See kanal on n\u00fc\u00fcd kokku kuivanud. Lisaks on kaubanduskettide ning Wildberriese ja Ozoni ladude r\u00fcnnakud teinud v\u00e4hem k\u00e4ttesaadavaks igasugused vajalikud elektroonilised seadmed \u2013 droonid, tahvelarvutid, akupangad, generaatorid, mida k\u00f5ike on rindel v\u00e4ga vaja. Me ei saa r\u00e4\u00e4kida suurest murrangust, k\u00fcll aga saame r\u00e4\u00e4kida kruusast hammasrataste vahel,&#8221; lausus Suur.<\/p>\n<p>Ukrainlased on suutnud edukalt r\u00fcnnata ka Venemaa kosmosekeskuseid, mis omakorda v\u00e4hendab Vene v\u00e4gede v\u00f5imet anda kaugl\u00f6\u00f6ke ning kasutada r\u00fcnnakuteks droone, m\u00e4rkis ta.<\/p>\n<p>&#8220;See aeglustab venelastel Starlinki asenduse loomist \u2013 neil on vaja selleks \u00fcles saata hulk satelliite. Nende kanderaketid on \u00fchekordse kasutatavusega. Neil ei ole sarnast korduvkasutatavat raketti ja kui tootmisv\u00f5imekust v\u00e4hendatakse, siis nad ei saa ka nii palju satelliite \u00fcles saata ehk nende omamaise (Starlinki) analoogi loomine viibib,&#8221; \u00fctles Suur.<\/p>\n<p>&#8220;See segab ka kaugl\u00f6\u00f6kide andmist, aga segab ka rindejoonel v\u00e4iksemate droonide \u2013 mis vajavad interneti\u00fchendust v\u00f5i vajavad seda s\u00fcsteemid geolokatsiooniks \u2013 kasutamist,&#8221; lisas ta.<\/p>\n<p>Kuid suurt h\u00e4vingut on k\u00fclvanud ka Venemaa \u00f5hur\u00fcnnakud, eriti Kiievile: 20. augustil tegid venelased seni \u00fche massiivseima \u00f5hur\u00fcnnaku Kiievile, kus hukkus v\u00e4hemalt 16 inimest.<\/p>\n<p>&#8220;Kasutati v\u00e4ga kombineeritud l\u00e4henemist: ballistilisi rakette, tiibrakette, droone, ennek\u00f5ike Ukraina \u00f5hut\u00f5rjest l\u00e4bisaamiseks. Sihtm\u00e4rgid olid erinevad. Ega Ukraina loomulikult k\u00f5ike ei avalda, mis pihta sai ja mis nende arvates sihikul oli, aga erinevad t\u00f6\u00f6stusobjektid, laod ja loomulikult said pihta ka m\u00f5ned raviasutused ja tsiviiltaristu ehk elamud,&#8221; lausus Suur.<\/p>\n<p>Rindel on k\u00f5ige tulisem endiselt Donetski oblastis ning Vene v\u00e4ed on alustanud surve avaldamist ka p\u00f5hja poolt Harkivile.<\/p>\n<p>&#8220;R\u00fcnnakute arv \u00fcldiselt kasvab ja kaudtule r\u00fcnnakute, droonir\u00fcnnakute arv suureneb ning natuke on saavutatud siin-seal ka edu. Kostjant\u00f5nivka suunas venelased edenevad aeglaselt, aga kindlalt,&#8221; \u00fctles Suur.<\/p>\n<p><img decoding=\"async\" data-photo-id=\"3781033\" src=\"https:\/\/www.europesays.com\/ee\/wp-content\/uploads\/2026\/08\/3781033h1d84t24.jpg\"\/>Marten Suur ja Reimo Sildvee Autor\/allikas: Ken M\u00fcrk\/ERR<\/p>\n","protected":false},"excerpt":{"rendered":"Ukrainlaste edukad r\u00fcnnakud Venemaa naftataristule ja veebikaubamajade ladudele on p\u00f5hjustanud tarneprobleeme Vene v\u00e4gedele ja m\u00f5jutamas lisaks venemaalaste igap\u00e4evaelule&hellip;\n","protected":false},"author":2,"featured_media":260017,"comment_status":"","ping_status":"","sticky":false,"template":"","format":"standard","meta":{"footnotes":"","_share_on_mastodon":"0"},"categories":[5],"tags":[26,27,1274,37,33,35,34,36,31,32,21,28,29,101070,19,97152,25,7549,23,24,262,22,20,96,30,92644],"class_list":["post-260016","post","type-post","status-publish","format-standard","has-post-thumbnail","category-uldised-uudised","tag-breaking-news","tag-breakingnews","tag-droonid","tag-ee","tag-eesti","tag-eesti-keel","tag-estonia","tag-estonian","tag-featured-news","tag-featurednews","tag-headlines","tag-latest-news","tag-latestnews","tag-nafatataristu","tag-news","tag-ozon","tag-populaarseimad-lood","tag-raketid","tag-top-stories","tag-topstories","tag-ukraina","tag-uldised-uudised","tag-uudised","tag-venemaa","tag-viimased-uudised","tag-wildberries"],"share_on_mastodon":{"url":"https:\/\/pubeurope.com\/@ee\/117153312715960928","error":""},"_links":{"self":[{"href":"https:\/\/www.europesays.com\/ee\/wp-json\/wp\/v2\/posts\/260016","targetHints":{"allow":["GET"]}}],"collection":[{"href":"https:\/\/www.europesays.com\/ee\/wp-json\/wp\/v2\/posts"}],"about":[{"href":"https:\/\/www.europesays.com\/ee\/wp-json\/wp\/v2\/types\/post"}],"author":[{"embeddable":true,"href":"https:\/\/www.europesays.com\/ee\/wp-json\/wp\/v2\/users\/2"}],"replies":[{"embeddable":true,"href":"https:\/\/www.europesays.com\/ee\/wp-json\/wp\/v2\/comments?post=260016"}],"version-history":[{"count":0,"href":"https:\/\/www.europesays.com\/ee\/wp-json\/wp\/v2\/posts\/260016\/revisions"}],"wp:featuredmedia":[{"embeddable":true,"href":"https:\/\/www.europesays.com\/ee\/wp-json\/wp\/v2\/media\/260017"}],"wp:attachment":[{"href":"https:\/\/www.europesays.com\/ee\/wp-json\/wp\/v2\/media?parent=260016"}],"wp:term":[{"taxonomy":"category","embeddable":true,"href":"https:\/\/www.europesays.com\/ee\/wp-json\/wp\/v2\/categories?post=260016"},{"taxonomy":"post_tag","embeddable":true,"href":"https:\/\/www.europesays.com\/ee\/wp-json\/wp\/v2\/tags?post=260016"}],"curies":[{"name":"wp","href":"https:\/\/api.w.org\/{rel}","templated":true}]}}