{"id":260018,"date":"2026-08-25T00:37:18","date_gmt":"2026-08-25T00:37:18","guid":{"rendered":"https:\/\/www.europesays.com\/ee\/260018\/"},"modified":"2026-08-25T00:37:18","modified_gmt":"2026-08-25T00:37:18","slug":"kohus-moistis-tervise-paradiisi-instruktori-loplikult-suudi-eesti","status":"publish","type":"post","link":"https:\/\/www.europesays.com\/ee\/260018\/","title":{"rendered":"Kohus m\u00f5istis Tervise Paradiisi instruktori l\u00f5plikult s\u00fc\u00fcdi | Eesti"},"content":{"rendered":"<p>Esmasp\u00e4eval j\u00f5ustus Tallinna ringkonnakohtu s\u00fc\u00fcdim\u00f5istev otsus Tervise Paradiisi ja seal t\u00f6\u00f6tanud valveinstruktori osas.<\/p>\n<p>Juunis tunnistas Tallinna ringkonnakohus Tervise Paradiisi ja seal valveinstruktorina t\u00f6\u00f6tanud Gert Kuusiku s\u00fc\u00fcdi surma p\u00f5hjustamises ettevaatamatusest.<\/p>\n<p>Ringkonnakohus m\u00f5istis Kuusikule karistuseks \u00fche aasta ja kolm kuud vangistust. Juhul kui Kuusik ei pane \u00fche aasta ja kuue kuu pikkuse katseaja kestel toime uut tahtlikku kuritegu, ei p\u00f6\u00f6rata karistust t\u00e4ielikult t\u00e4itmisele.<\/p>\n<p>O\u00dc Tervise Paradiisile m\u00f5istis kohus karistuseks rahalise karistuse 50 000 eurot.<\/p>\n<p>Kuigi Tervise Paradiis kaebas otsuse riigikohtusse edasi, ei v\u00f5tnud kohus kaitsjate kassatsiooni menetlusse ja ringkonnakohtu otsus on l\u00f5plik.\u00a0<\/p>\n<p>2023. aasta 11. m\u00e4rtsil uppus P\u00e4rnus Tervise Paradiis veekeskuses mees, kes l\u00fckati nelja meetri s\u00fcgavusse basseini. S\u00fc\u00fcdistuse kohaselt ei saanud h\u00e4tta sattunud k\u00fclastaja \u00f5igeaegset abi, mis oleks v\u00f5inud tema elu p\u00e4\u00e4sta. T\u00e4psemalt heitis prokuratuur Tervise Paradiisi vaneminstruktorile ette seda, et ta m\u00e4\u00e4ras puuduvat valveinstruktorit asendama veekeskuses administraatorina t\u00f6\u00f6tanud inimese, kel polnud vajalikku v\u00e4lja\u00f5pet ega oskusi.<\/p>\n","protected":false},"excerpt":{"rendered":"Esmasp\u00e4eval j\u00f5ustus Tallinna ringkonnakohtu s\u00fc\u00fcdim\u00f5istev otsus Tervise Paradiisi ja seal t\u00f6\u00f6tanud valveinstruktori osas. Juunis tunnistas Tallinna ringkonnakohus Tervise&hellip;\n","protected":false},"author":2,"featured_media":260019,"comment_status":"","ping_status":"","sticky":false,"template":"","format":"standard","meta":{"footnotes":"","_share_on_mastodon":"0"},"categories":[5],"tags":[26,27,37,33,35,34,36,31,32,11777,21,28,29,19,1421,25,5641,6516,11781,23,24,22,20,30],"class_list":["post-260018","post","type-post","status-publish","format-standard","has-post-thumbnail","category-uldised-uudised","tag-breaking-news","tag-breakingnews","tag-ee","tag-eesti","tag-eesti-keel","tag-estonia","tag-estonian","tag-featured-news","tag-featurednews","tag-gert-kuusik","tag-headlines","tag-latest-news","tag-latestnews","tag-news","tag-parnu","tag-populaarseimad-lood","tag-riigikohus","tag-ringkonnakohus","tag-tervise-paradiis","tag-top-stories","tag-topstories","tag-uldised-uudised","tag-uudised","tag-viimased-uudised"],"share_on_mastodon":{"url":"https:\/\/pubeurope.com\/@ee\/117153355676328524","error":""},"_links":{"self":[{"href":"https:\/\/www.europesays.com\/ee\/wp-json\/wp\/v2\/posts\/260018","targetHints":{"allow":["GET"]}}],"collection":[{"href":"https:\/\/www.europesays.com\/ee\/wp-json\/wp\/v2\/posts"}],"about":[{"href":"https:\/\/www.europesays.com\/ee\/wp-json\/wp\/v2\/types\/post"}],"author":[{"embeddable":true,"href":"https:\/\/www.europesays.com\/ee\/wp-json\/wp\/v2\/users\/2"}],"replies":[{"embeddable":true,"href":"https:\/\/www.europesays.com\/ee\/wp-json\/wp\/v2\/comments?post=260018"}],"version-history":[{"count":0,"href":"https:\/\/www.europesays.com\/ee\/wp-json\/wp\/v2\/posts\/260018\/revisions"}],"wp:featuredmedia":[{"embeddable":true,"href":"https:\/\/www.europesays.com\/ee\/wp-json\/wp\/v2\/media\/260019"}],"wp:attachment":[{"href":"https:\/\/www.europesays.com\/ee\/wp-json\/wp\/v2\/media?parent=260018"}],"wp:term":[{"taxonomy":"category","embeddable":true,"href":"https:\/\/www.europesays.com\/ee\/wp-json\/wp\/v2\/categories?post=260018"},{"taxonomy":"post_tag","embeddable":true,"href":"https:\/\/www.europesays.com\/ee\/wp-json\/wp\/v2\/tags?post=260018"}],"curies":[{"name":"wp","href":"https:\/\/api.w.org\/{rel}","templated":true}]}}