{"id":260042,"date":"2026-08-25T02:06:14","date_gmt":"2026-08-25T02:06:14","guid":{"rendered":"https:\/\/www.europesays.com\/ee\/260042\/"},"modified":"2026-08-25T02:06:14","modified_gmt":"2026-08-25T02:06:14","slug":"trump-ahvardas-kehtestada-kanada-autosektorile-50-protsendilised-tollid-valismaa","status":"publish","type":"post","link":"https:\/\/www.europesays.com\/ee\/260042\/","title":{"rendered":"Trump \u00e4hvardas kehtestada Kanada autosektorile 50-protsendilised tollid | V\u00e4lismaa"},"content":{"rendered":"<p>USA ja Kanada vaheline kaubandust\u00fcli kogub hoogu ning president Donald Trump teatas, et kehtestab alates jaanuarist Kanada autosektorile 50-protsendilised tollimaksud.<\/p>\n<p>&#8220;Esimesel jaanuaril 2027 t\u00f5stetakse k\u00f5igi autode, veoautode, nii suurte kui ka v\u00e4ikeste, autoosade ja terase tariife 50 protsendini,&#8221; teatas esmasp\u00e4eval Trump.\u00a0<\/p>\n<p>Praegu kehtib Kanadast p\u00e4rit autodele USA-s 25-protsendiline tollitariif, samal ajal kui Kanada terasele kehtib juba 50-protsendiline tariif.<\/p>\n<p>Trumpi uus \u00e4hvardus tuli p\u00e4rast seda, kui USA ja Kanada kaubandusl\u00e4bir\u00e4\u00e4kimised nurjusid ning peaminister Mark Carney teatas, et Kanada vastab \u00dchendriikide tollimaksudele omapoolsete tariifidega.<\/p>\n<p>Kanada ja USA vahel v\u00f5ib n\u00fc\u00fcd puhkeda ulatuslik kaubanduss\u00f5da. Autot\u00f6\u00f6stusele oleks 50-protsendiline tariif eriti valus, sest autoosad liiguvad tootmise k\u00e4igus korduvalt \u00fcle USA, Kanada ja Mehhiko piiri. K\u00f5rged tollimaksud v\u00f5ivad muuta Kanadas tootmise majanduslikult m\u00f5ttetuks ning sundida ettev\u00f5tteid tootmist USA-sse viima.<\/p>\n","protected":false},"excerpt":{"rendered":"USA ja Kanada vaheline kaubandust\u00fcli kogub hoogu ning president Donald Trump teatas, et kehtestab alates jaanuarist Kanada autosektorile&hellip;\n","protected":false},"author":2,"featured_media":260043,"comment_status":"","ping_status":"","sticky":false,"template":"","format":"standard","meta":{"footnotes":"","_share_on_mastodon":"0"},"categories":[5],"tags":[2135,26,27,324,37,33,35,34,36,31,32,21,1554,28,29,1555,19,25,23,24,22,325,20,30],"class_list":["post-260042","post","type-post","status-publish","format-standard","has-post-thumbnail","category-uldised-uudised","tag-autotoostus","tag-breaking-news","tag-breakingnews","tag-donald-trump","tag-ee","tag-eesti","tag-eesti-keel","tag-estonia","tag-estonian","tag-featured-news","tag-featurednews","tag-headlines","tag-kanada","tag-latest-news","tag-latestnews","tag-mark-carney","tag-news","tag-populaarseimad-lood","tag-top-stories","tag-topstories","tag-uldised-uudised","tag-usa","tag-uudised","tag-viimased-uudised"],"share_on_mastodon":{"url":"https:\/\/pubeurope.com\/@ee\/117153705691040787","error":""},"_links":{"self":[{"href":"https:\/\/www.europesays.com\/ee\/wp-json\/wp\/v2\/posts\/260042","targetHints":{"allow":["GET"]}}],"collection":[{"href":"https:\/\/www.europesays.com\/ee\/wp-json\/wp\/v2\/posts"}],"about":[{"href":"https:\/\/www.europesays.com\/ee\/wp-json\/wp\/v2\/types\/post"}],"author":[{"embeddable":true,"href":"https:\/\/www.europesays.com\/ee\/wp-json\/wp\/v2\/users\/2"}],"replies":[{"embeddable":true,"href":"https:\/\/www.europesays.com\/ee\/wp-json\/wp\/v2\/comments?post=260042"}],"version-history":[{"count":0,"href":"https:\/\/www.europesays.com\/ee\/wp-json\/wp\/v2\/posts\/260042\/revisions"}],"wp:featuredmedia":[{"embeddable":true,"href":"https:\/\/www.europesays.com\/ee\/wp-json\/wp\/v2\/media\/260043"}],"wp:attachment":[{"href":"https:\/\/www.europesays.com\/ee\/wp-json\/wp\/v2\/media?parent=260042"}],"wp:term":[{"taxonomy":"category","embeddable":true,"href":"https:\/\/www.europesays.com\/ee\/wp-json\/wp\/v2\/categories?post=260042"},{"taxonomy":"post_tag","embeddable":true,"href":"https:\/\/www.europesays.com\/ee\/wp-json\/wp\/v2\/tags?post=260042"}],"curies":[{"name":"wp","href":"https:\/\/api.w.org\/{rel}","templated":true}]}}