{"id":260046,"date":"2026-08-25T02:16:43","date_gmt":"2026-08-25T02:16:43","guid":{"rendered":"https:\/\/www.europesays.com\/ee\/260046\/"},"modified":"2026-08-25T02:16:43","modified_gmt":"2026-08-25T02:16:43","slug":"video-ja-fotod-peaminister-kristen-michal-kiievis-putinil-tuleb-hapnik-kinni-keerata","status":"publish","type":"post","link":"https:\/\/www.europesays.com\/ee\/260046\/","title":{"rendered":"VIDEO ja FOTOD | Peaminister Kristen Michal Kiievis: Putinil tuleb hapnik kinni keerata"},"content":{"rendered":"<p class=\"isSelectedEnd\">\u201eUkraina vajab v\u00e4ga palju raha, relvastust, tuge ja samal ajal tuleb keerata diktaatoril ehk [Vladimir] Putinil hapnik kinni, mis t\u00e4hendab, et j\u00e4tkata tuleb varilaevastikuga, j\u00e4tkata varadega ja \u00fcks meie uus initsatiiv on ju see, et vene v\u00f5itlejad v\u00f5i k\u00f5ik, kes on osalised olnud selles agressioonis Ukraina vastu, istugu kodus ja \u00e4rgu s\u00f5itku Euroopas ringi,\u201c r\u00e4\u00e4kis Michal.<\/p>\n<p class=\"isSelectedEnd\">Peaministri s\u00f5nul arutati tippkohtumisel ka Venemaa v\u00f5imalikke r\u00fcnnakuid Ukraina elut\u00e4htsa taristu vastu saabuval talvel. Samuti r\u00e4\u00e4giti \u00f5hukaitsest ja riikide koost\u00f6\u00f6st. \u201eErinevad riigid on teinud kas erinevaid deklaratsioone v\u00f5i droonileppeid, et hakkaks tootmine ja saaks vahetada teadmisi. Elektroonilisest s\u00f5japidamisest k\u00f5ige parem teadmine on Ukrainal olemas, et kuidas Venemaad peatada ja hakkama saada,\u201c s\u00f5nas ta.<\/p>\n<p><a href=\"https:\/\/www.delfi.ee\/a\/120605573\/\/kommentaarid\" class=\"button button--primary button--size-auto article-body-bottom__comment article-body-bottom__comment--write\" style=\"\" rel=\"nofollow noopener\" target=\"_blank\">Kommenteeri<\/a><a href=\"https:\/\/www.delfi.ee\/a\/120605573\/\/kommentaarid\" class=\"button button--size-auto article-body-bottom__comment article-body-bottom__comment--read\" style=\"\" rel=\"nofollow noopener\" target=\"_blank\">Loe kommentaare (220)<\/a><\/p>\n","protected":false},"excerpt":{"rendered":"\u201eUkraina vajab v\u00e4ga palju raha, relvastust, tuge ja samal ajal tuleb keerata diktaatoril ehk [Vladimir] Putinil hapnik kinni,&hellip;\n","protected":false},"author":2,"featured_media":260047,"comment_status":"","ping_status":"","sticky":false,"template":"","format":"standard","meta":{"footnotes":"","_share_on_mastodon":"0"},"categories":[12],"tags":[26,27,1274,37,33,35,34,36,31,32,21,1208,646,28,29,31644,19,25,107,23,24,22,20,30,661,263],"class_list":["post-260046","post","type-post","status-publish","format-standard","has-post-thumbnail","category-eesti","tag-breaking-news","tag-breakingnews","tag-droonid","tag-ee","tag-eesti","tag-eesti-keel","tag-estonia","tag-estonian","tag-featured-news","tag-featurednews","tag-headlines","tag-kiiev","tag-kristen-michal","tag-latest-news","tag-latestnews","tag-nb8","tag-news","tag-populaarseimad-lood","tag-soda-ukrainas","tag-top-stories","tag-topstories","tag-uldised-uudised","tag-uudised","tag-viimased-uudised","tag-vladimir-putin","tag-volodomor-zelenskoi"],"share_on_mastodon":{"url":"https:\/\/pubeurope.com\/@ee\/117153745100440736","error":""},"_links":{"self":[{"href":"https:\/\/www.europesays.com\/ee\/wp-json\/wp\/v2\/posts\/260046","targetHints":{"allow":["GET"]}}],"collection":[{"href":"https:\/\/www.europesays.com\/ee\/wp-json\/wp\/v2\/posts"}],"about":[{"href":"https:\/\/www.europesays.com\/ee\/wp-json\/wp\/v2\/types\/post"}],"author":[{"embeddable":true,"href":"https:\/\/www.europesays.com\/ee\/wp-json\/wp\/v2\/users\/2"}],"replies":[{"embeddable":true,"href":"https:\/\/www.europesays.com\/ee\/wp-json\/wp\/v2\/comments?post=260046"}],"version-history":[{"count":0,"href":"https:\/\/www.europesays.com\/ee\/wp-json\/wp\/v2\/posts\/260046\/revisions"}],"wp:featuredmedia":[{"embeddable":true,"href":"https:\/\/www.europesays.com\/ee\/wp-json\/wp\/v2\/media\/260047"}],"wp:attachment":[{"href":"https:\/\/www.europesays.com\/ee\/wp-json\/wp\/v2\/media?parent=260046"}],"wp:term":[{"taxonomy":"category","embeddable":true,"href":"https:\/\/www.europesays.com\/ee\/wp-json\/wp\/v2\/categories?post=260046"},{"taxonomy":"post_tag","embeddable":true,"href":"https:\/\/www.europesays.com\/ee\/wp-json\/wp\/v2\/tags?post=260046"}],"curies":[{"name":"wp","href":"https:\/\/api.w.org\/{rel}","templated":true}]}}