{"id":260048,"date":"2026-08-25T02:17:08","date_gmt":"2026-08-25T02:17:08","guid":{"rendered":"https:\/\/www.europesays.com\/ee\/260048\/"},"modified":"2026-08-25T02:17:08","modified_gmt":"2026-08-25T02:17:08","slug":"viljandlanna-veebirakendus-milo-jouab-septembris-turule","status":"publish","type":"post","link":"https:\/\/www.europesays.com\/ee\/260048\/","title":{"rendered":"Viljandlanna veebirakendus Milo j\u00f5uab septembris turule"},"content":{"rendered":"<p>Milo teadusp\u00f5hise ja m\u00e4ngulise k\u00f5neabirakenduse idee on mitmel h\u00e4katonil ja konkursil tunnustust p\u00e4lvinud ja hoogu kogunud ning n\u00fc\u00fcd on Milo meeskond j\u00f5udnud sinnamaale, et tahab septembri keskpaigaks rakenduse k\u00e4iku lasta.<\/p>\n<p>Muu hulgas tunnistati see idee parimaks EdTech Estonia ja eesti keele instituudi koost\u00f6\u00f6s detsembris korraldatud haridustehnoloogia h\u00e4katonil.<\/p>\n","protected":false},"excerpt":{"rendered":"Milo teadusp\u00f5hise ja m\u00e4ngulise k\u00f5neabirakenduse idee on mitmel h\u00e4katonil ja konkursil tunnustust p\u00e4lvinud ja hoogu kogunud ning n\u00fc\u00fcd&hellip;\n","protected":false},"author":2,"featured_media":260049,"comment_status":"","ping_status":"","sticky":false,"template":"","format":"standard","meta":{"footnotes":"","_share_on_mastodon":"0"},"categories":[5],"tags":[26,27,101074,37,33,35,34,36,31,32,21,37301,101071,101075,101072,28,29,101073,32227,19,25,23,24,22,20,30],"class_list":["post-260048","post","type-post","status-publish","format-standard","has-post-thumbnail","category-uldised-uudised","tag-breaking-news","tag-breakingnews","tag-digimang","tag-ee","tag-eesti","tag-eesti-keel","tag-estonia","tag-estonian","tag-featured-news","tag-featurednews","tag-headlines","tag-kerli-kivisild","tag-konerakendus","tag-koneteraapia","tag-laste-koneareng","tag-latest-news","tag-latestnews","tag-logopeed","tag-milo","tag-news","tag-populaarseimad-lood","tag-top-stories","tag-topstories","tag-uldised-uudised","tag-uudised","tag-viimased-uudised"],"share_on_mastodon":{"url":"https:\/\/pubeurope.com\/@ee\/117153748887245490","error":""},"_links":{"self":[{"href":"https:\/\/www.europesays.com\/ee\/wp-json\/wp\/v2\/posts\/260048","targetHints":{"allow":["GET"]}}],"collection":[{"href":"https:\/\/www.europesays.com\/ee\/wp-json\/wp\/v2\/posts"}],"about":[{"href":"https:\/\/www.europesays.com\/ee\/wp-json\/wp\/v2\/types\/post"}],"author":[{"embeddable":true,"href":"https:\/\/www.europesays.com\/ee\/wp-json\/wp\/v2\/users\/2"}],"replies":[{"embeddable":true,"href":"https:\/\/www.europesays.com\/ee\/wp-json\/wp\/v2\/comments?post=260048"}],"version-history":[{"count":0,"href":"https:\/\/www.europesays.com\/ee\/wp-json\/wp\/v2\/posts\/260048\/revisions"}],"wp:featuredmedia":[{"embeddable":true,"href":"https:\/\/www.europesays.com\/ee\/wp-json\/wp\/v2\/media\/260049"}],"wp:attachment":[{"href":"https:\/\/www.europesays.com\/ee\/wp-json\/wp\/v2\/media?parent=260048"}],"wp:term":[{"taxonomy":"category","embeddable":true,"href":"https:\/\/www.europesays.com\/ee\/wp-json\/wp\/v2\/categories?post=260048"},{"taxonomy":"post_tag","embeddable":true,"href":"https:\/\/www.europesays.com\/ee\/wp-json\/wp\/v2\/tags?post=260048"}],"curies":[{"name":"wp","href":"https:\/\/api.w.org\/{rel}","templated":true}]}}