{"id":260068,"date":"2026-08-25T03:32:36","date_gmt":"2026-08-25T03:32:36","guid":{"rendered":"https:\/\/www.europesays.com\/ee\/260068\/"},"modified":"2026-08-25T03:32:36","modified_gmt":"2026-08-25T03:32:36","slug":"lukasenka-onnitles-ukrainat-iseseisvuspaeva-puhul-ja-avaldas-lootust-et-riikide-suhted-taastuvad-2","status":"publish","type":"post","link":"https:\/\/www.europesays.com\/ee\/260068\/","title":{"rendered":"Luka\u0161enka \u00f5nnitles Ukrainat iseseisvusp\u00e4eva puhul ja avaldas lootust, et riikide suhted taastuvad"},"content":{"rendered":"<p class=\"western\">Avalduses \u00fctles <a rel=\"noopener nofollow\" target=\"_blank\" href=\"https:\/\/www.delfi.ee\/teema\/3\/venemaa\" tag-id=\"3\">Venemaa<\/a> l\u00e4himate liitlaste hulka kuuluv Luka\u0161enka, et valgevene ja ukraina rahva ajaloolina saatus on tihedalt kokku p\u00f5imunud. \u201eMeie rahvaid seovad sajanditepikkused traditsioonid, \u00fchiste v\u00f5itude ja r\u00e4nkade katsumuste m\u00e4lestus,\u201c \u00fctles Luka\u0161enka.<\/p>\n<p class=\"western\">Sarnaseid \u00f5nnitlusi on Luka\u0161enka naaberiigile edastanud ka igal eelmisel aastal, sealhulgas 2022. aastal.<\/p>\n<p class=\"western\">Valgevene liider v\u00e4ljendas v\u00e4rskes avalduses usku, et \u201egeopoliitilistele raputustele\u201c vaatamata j\u00e4tkuvad s\u00f5bralikud suhted valgevenelaste ja ukrainlaste vahel ka tulevikus ning kahel riigil \u00f5nnestub taastada vastastikku kasulik koost\u00f6\u00f6, mis p\u00f5hineb usaldusel, austusel ja v\u00f5rdsusel.<\/p>\n<p class=\"western\">\u201eValgevene k\u00fclalislahkus on alati avatud igale heade kavatsustega saabuvale ukrainlasele,\u201c lisas Luka\u0161enka, soovides k\u00f5igile Ukraina kodanikele tervist ja j\u00f5ukust ning kogu riigile rahu ja \u00f5nne. Vene-Ukraina vahelist s\u00f5da, Valgevenes asuvaid Vene baase ja Valgevene poolt Venemaale osutatud toetust Luka\u0161enka eraldi ei maininud.<\/p>\n<p class=\"western\">Juunis esitas Ukraina president Volod\u00f5m\u00f5r Zelensk\u00f5i ultimaatumi, n\u00f5udes, et Valgevene eemaldaks oma territooriumilt Vene droonir\u00fcnnakuid abistava elektroonilise taristu. M\u00f5ne p\u00e4eva p\u00e4rast t\u00e4itis Valgevene n\u00f5udmise, p\u00f5hjendades seda keskkonnakaitse kaalutlustega. <\/p>\n<p class=\"western\">Seej\u00e4rel kohtus Luka\u0161enka Valdais Vene presidendi Vladimir Putiniga ja reisis p\u00e4rast seda Hiinasse, mille liider Xi Jinping r\u00f5hutas, et toetab Valgevene suver\u00e4\u00e4nsust ja territoriaalset terviklikkust.<\/p>\n<p class=\"western\">Juulis Valgevene s\u00f5duritele esinedes lubas Luka\u0161enka, et neid ei hakata \u201eUkraina tapamajja\u201c saatma.<\/p>\n<p>Kuidas see lugu Sind end tundma pani?Saada<a href=\"https:\/\/www.delfi.ee\/a\/120605604\/\/kommentaarid\" class=\"button button--primary button--size-auto article-body-bottom__comment article-body-bottom__comment--write\" style=\"\" rel=\"nofollow noopener\" target=\"_blank\">Kommenteeri<\/a><a href=\"https:\/\/www.delfi.ee\/a\/120605604\/\/kommentaarid\" class=\"button button--size-auto article-body-bottom__comment article-body-bottom__comment--read\" style=\"\" rel=\"nofollow noopener\" target=\"_blank\">Loe kommentaare (40)<\/a><\/p>\n","protected":false},"excerpt":{"rendered":"Avalduses \u00fctles Venemaa l\u00e4himate liitlaste hulka kuuluv Luka\u0161enka, et valgevene ja ukraina rahva ajaloolina saatus on tihedalt kokku&hellip;\n","protected":false},"author":2,"featured_media":260069,"comment_status":"","ping_status":"","sticky":false,"template":"","format":"standard","meta":{"footnotes":"","_share_on_mastodon":"0"},"categories":[80],"tags":[8772,26,27,37,33,35,34,36,31,32,21,28,29,95,19,25,107,23,24,262,22,20,2170,96,30,92,93,94],"class_list":["post-260068","post","type-post","status-publish","format-standard","has-post-thumbnail","category-maailm","tag-aljaksandr-lukasenka","tag-breaking-news","tag-breakingnews","tag-ee","tag-eesti","tag-eesti-keel","tag-estonia","tag-estonian","tag-featured-news","tag-featurednews","tag-headlines","tag-latest-news","tag-latestnews","tag-maailm","tag-news","tag-populaarseimad-lood","tag-soda-ukrainas","tag-top-stories","tag-topstories","tag-ukraina","tag-uldised-uudised","tag-uudised","tag-valgevene","tag-venemaa","tag-viimased-uudised","tag-world","tag-world-news","tag-worldnews"],"share_on_mastodon":{"url":"https:\/\/pubeurope.com\/@ee\/117154044218807502","error":""},"_links":{"self":[{"href":"https:\/\/www.europesays.com\/ee\/wp-json\/wp\/v2\/posts\/260068","targetHints":{"allow":["GET"]}}],"collection":[{"href":"https:\/\/www.europesays.com\/ee\/wp-json\/wp\/v2\/posts"}],"about":[{"href":"https:\/\/www.europesays.com\/ee\/wp-json\/wp\/v2\/types\/post"}],"author":[{"embeddable":true,"href":"https:\/\/www.europesays.com\/ee\/wp-json\/wp\/v2\/users\/2"}],"replies":[{"embeddable":true,"href":"https:\/\/www.europesays.com\/ee\/wp-json\/wp\/v2\/comments?post=260068"}],"version-history":[{"count":0,"href":"https:\/\/www.europesays.com\/ee\/wp-json\/wp\/v2\/posts\/260068\/revisions"}],"wp:featuredmedia":[{"embeddable":true,"href":"https:\/\/www.europesays.com\/ee\/wp-json\/wp\/v2\/media\/260069"}],"wp:attachment":[{"href":"https:\/\/www.europesays.com\/ee\/wp-json\/wp\/v2\/media?parent=260068"}],"wp:term":[{"taxonomy":"category","embeddable":true,"href":"https:\/\/www.europesays.com\/ee\/wp-json\/wp\/v2\/categories?post=260068"},{"taxonomy":"post_tag","embeddable":true,"href":"https:\/\/www.europesays.com\/ee\/wp-json\/wp\/v2\/tags?post=260068"}],"curies":[{"name":"wp","href":"https:\/\/api.w.org\/{rel}","templated":true}]}}