{"id":260072,"date":"2026-08-25T03:34:25","date_gmt":"2026-08-25T03:34:25","guid":{"rendered":"https:\/\/www.europesays.com\/ee\/260072\/"},"modified":"2026-08-25T03:34:25","modified_gmt":"2026-08-25T03:34:25","slug":"tanel-teini-hasartmangumaksu-langetuse-tulemus-kulkal-kumnendiku-vorra-vahem-raha-2","status":"publish","type":"post","link":"https:\/\/www.europesays.com\/ee\/260072\/","title":{"rendered":"Tanel Teini hasartm\u00e4ngumaksu langetuse tulemus: kulkal k\u00fcmnendiku v\u00f5rra v\u00e4hem raha"},"content":{"rendered":"<p class=\"PreformattedText\">Kulka juht Margus Allikmaa r\u00e4\u00e4kis Postimehele, et poolaasta arvestuses on aktsiiside laekumise miinus 7,4 protsenti ja hasartm\u00e4ngumaksu alalaekumine 9,4 protsenti. \u00abAktsiise on esimese seitsme kuuga (jaanuarist juulini) laekunud kavandatust v\u00e4hem 0,8 miljonit eurot ja hasartm\u00e4ngumaksu seitsme kuuga 1,75 miljonit eurot eelarvestatust v\u00e4hem,\u00bb selgitas ta.<\/p>\n","protected":false},"excerpt":{"rendered":"Kulka juht Margus Allikmaa r\u00e4\u00e4kis Postimehele, et poolaasta arvestuses on aktsiiside laekumise miinus 7,4 protsenti ja hasartm\u00e4ngumaksu alalaekumine&hellip;\n","protected":false},"author":2,"featured_media":260073,"comment_status":"","ping_status":"","sticky":false,"template":"","format":"standard","meta":{"footnotes":"","_share_on_mastodon":"0"},"categories":[5],"tags":[26,27,37,33,35,11981,34,36,31,32,6592,21,28,29,19,25,10598,23,24,22,20,30],"class_list":["post-260072","post","type-post","status-publish","format-standard","has-post-thumbnail","category-uldised-uudised","tag-breaking-news","tag-breakingnews","tag-ee","tag-eesti","tag-eesti-keel","tag-eesti-kultuurkapital","tag-estonia","tag-estonian","tag-featured-news","tag-featurednews","tag-hasartmangumaks","tag-headlines","tag-latest-news","tag-latestnews","tag-news","tag-populaarseimad-lood","tag-tanel-tein","tag-top-stories","tag-topstories","tag-uldised-uudised","tag-uudised","tag-viimased-uudised"],"share_on_mastodon":{"url":"https:\/\/pubeurope.com\/@ee\/117154051957330127","error":""},"_links":{"self":[{"href":"https:\/\/www.europesays.com\/ee\/wp-json\/wp\/v2\/posts\/260072","targetHints":{"allow":["GET"]}}],"collection":[{"href":"https:\/\/www.europesays.com\/ee\/wp-json\/wp\/v2\/posts"}],"about":[{"href":"https:\/\/www.europesays.com\/ee\/wp-json\/wp\/v2\/types\/post"}],"author":[{"embeddable":true,"href":"https:\/\/www.europesays.com\/ee\/wp-json\/wp\/v2\/users\/2"}],"replies":[{"embeddable":true,"href":"https:\/\/www.europesays.com\/ee\/wp-json\/wp\/v2\/comments?post=260072"}],"version-history":[{"count":0,"href":"https:\/\/www.europesays.com\/ee\/wp-json\/wp\/v2\/posts\/260072\/revisions"}],"wp:featuredmedia":[{"embeddable":true,"href":"https:\/\/www.europesays.com\/ee\/wp-json\/wp\/v2\/media\/260073"}],"wp:attachment":[{"href":"https:\/\/www.europesays.com\/ee\/wp-json\/wp\/v2\/media?parent=260072"}],"wp:term":[{"taxonomy":"category","embeddable":true,"href":"https:\/\/www.europesays.com\/ee\/wp-json\/wp\/v2\/categories?post=260072"},{"taxonomy":"post_tag","embeddable":true,"href":"https:\/\/www.europesays.com\/ee\/wp-json\/wp\/v2\/tags?post=260072"}],"curies":[{"name":"wp","href":"https:\/\/api.w.org\/{rel}","templated":true}]}}