{"id":260086,"date":"2026-08-25T04:25:17","date_gmt":"2026-08-25T04:25:17","guid":{"rendered":"https:\/\/www.europesays.com\/ee\/260086\/"},"modified":"2026-08-25T04:25:17","modified_gmt":"2026-08-25T04:25:17","slug":"musta-kasti-ruik-ehk-poliitiline-kabaree-moraali-lugemata","status":"publish","type":"post","link":"https:\/\/www.europesays.com\/ee\/260086\/","title":{"rendered":"Musta Kasti \u00abRuik!\u00bb ehk poliitiline kabaree moraali lugemata"},"content":{"rendered":"<p class=\"MsoNormal\">N\u00e4itlejad kannavad roosasid kost\u00fc\u00fcme, mille l\u00f5iked meenutavad sajandivanuse kabaree kelmikaid tantsijaid. T\u00f5si, kui kadunud Mai Murdmaa n\u00e4eks n\u00e4itlejate k\u00f5veraid p\u00f5lvi jalat\u00f5stel\u2026, aga seegi on taotluslik v\u00f5\u00f5ritustrikk, sest lavastuse s\u00f5num on k\u00f5ike muud kui traditsioonilisel viisil naise ihu meeste isukale pilgule esitada.<\/p>\n<p class=\"MsoNormal\">\u00dchest asjast tunnen siiski puudust, mudas p\u00fcherdati palju v\u00e4hem kui ootasin. Aga ilmselt on seegi \u00fcks osa lavastuse eesm\u00e4rgist, \u00fcllatada vaatajat k\u00e4sitlusega, mida ei osanud oodata.<\/p>\n","protected":false},"excerpt":{"rendered":"N\u00e4itlejad kannavad roosasid kost\u00fc\u00fcme, mille l\u00f5iked meenutavad sajandivanuse kabaree kelmikaid tantsijaid. T\u00f5si, kui kadunud Mai Murdmaa n\u00e4eks n\u00e4itlejate&hellip;\n","protected":false},"author":2,"featured_media":260087,"comment_status":"","ping_status":"","sticky":false,"template":"","format":"standard","meta":{"footnotes":"","_share_on_mastodon":"0"},"categories":[16],"tags":[82590,37,33,35,101084,173,34,36,101082,101083,101085,140,87639,101081,101080,101086],"class_list":["post-260086","post","type-post","status-publish","format-standard","has-post-thumbnail","category-meelelahutus","tag-bertolt-brecht","tag-ee","tag-eesti","tag-eesti-keel","tag-eliisabet-raju","tag-entertainment","tag-estonia","tag-estonian","tag-george-orwell-loomade-farm","tag-jaanika-tammaru","tag-laura-kutkaite","tag-meelelahutus","tag-poliitiline-teater","tag-ruik","tag-teater-must-kast","tag-ulenurme-muuseum"],"share_on_mastodon":{"url":"https:\/\/pubeurope.com\/@ee\/117154252708645820","error":""},"_links":{"self":[{"href":"https:\/\/www.europesays.com\/ee\/wp-json\/wp\/v2\/posts\/260086","targetHints":{"allow":["GET"]}}],"collection":[{"href":"https:\/\/www.europesays.com\/ee\/wp-json\/wp\/v2\/posts"}],"about":[{"href":"https:\/\/www.europesays.com\/ee\/wp-json\/wp\/v2\/types\/post"}],"author":[{"embeddable":true,"href":"https:\/\/www.europesays.com\/ee\/wp-json\/wp\/v2\/users\/2"}],"replies":[{"embeddable":true,"href":"https:\/\/www.europesays.com\/ee\/wp-json\/wp\/v2\/comments?post=260086"}],"version-history":[{"count":0,"href":"https:\/\/www.europesays.com\/ee\/wp-json\/wp\/v2\/posts\/260086\/revisions"}],"wp:featuredmedia":[{"embeddable":true,"href":"https:\/\/www.europesays.com\/ee\/wp-json\/wp\/v2\/media\/260087"}],"wp:attachment":[{"href":"https:\/\/www.europesays.com\/ee\/wp-json\/wp\/v2\/media?parent=260086"}],"wp:term":[{"taxonomy":"category","embeddable":true,"href":"https:\/\/www.europesays.com\/ee\/wp-json\/wp\/v2\/categories?post=260086"},{"taxonomy":"post_tag","embeddable":true,"href":"https:\/\/www.europesays.com\/ee\/wp-json\/wp\/v2\/tags?post=260086"}],"curies":[{"name":"wp","href":"https:\/\/api.w.org\/{rel}","templated":true}]}}