{"id":260112,"date":"2026-08-25T05:12:09","date_gmt":"2026-08-25T05:12:09","guid":{"rendered":"https:\/\/www.europesays.com\/ee\/260112\/"},"modified":"2026-08-25T05:12:09","modified_gmt":"2026-08-25T05:12:09","slug":"venemaa-majandus-%e2%9f%a9-ozoni-ladude-poleng-viis-ettevotte-aktsia-vabalangusse-kaks-miljardit-kadus-paevaga","status":"publish","type":"post","link":"https:\/\/www.europesays.com\/ee\/260112\/","title":{"rendered":"VENEMAA MAJANDUS \u27e9 Ozoni ladude p\u00f5leng viis ettev\u00f5tte aktsia vabalangusse. Kaks miljardit kadus p\u00e4evaga"},"content":{"rendered":"<p>Ukraina droonir\u00fcnnakud Venemaa logistikakeskustele ei s\u00fc\u00fcdanud ainult ladusid, vaid ka aktsiaturge. Veebikaubandusgigandi Ozoni laod sattusid l\u00fchikese ajavahemiku jooksul mitme r\u00fcnnaku sihtm\u00e4rgiks, mis paiskas ettev\u00f5tte aktsia hinna j\u00e4rsku langusesse ja raputas kogu turu usaldust.<\/p>\n<p>Millise j\u00e4lje j\u00e4tab r\u00fcnnakute jada Ozoni tegelikule \u00e4ritegevusele ja kui s\u00fcgav on l\u00f6\u00f6k investoritele? Anal\u00fc\u00fctikute hinnangud k\u00f5iguvad musta luige \u0161okist kuni juttudeni alahinnatud aktsiast, ent \u00fcksnes j\u00e4rgmised kuud n\u00e4itavad, kas tegemist on ajutise paanikaga v\u00f5i millegi s\u00fcgavamaga.<\/p>\n","protected":false},"excerpt":{"rendered":"Ukraina droonir\u00fcnnakud Venemaa logistikakeskustele ei s\u00fc\u00fcdanud ainult ladusid, vaid ka aktsiaturge. Veebikaubandusgigandi Ozoni laod sattusid l\u00fchikese ajavahemiku jooksul&hellip;\n","protected":false},"author":2,"featured_media":260113,"comment_status":"","ping_status":"","sticky":false,"template":"","format":"standard","meta":{"footnotes":"","_share_on_mastodon":"0"},"categories":[80],"tags":[101092,101095,26,27,101093,37,33,35,34,36,31,32,101094,21,28,29,95,19,97152,25,23,24,22,20,30,92644,92,93,94],"class_list":["post-260112","post","type-post","status-publish","format-standard","has-post-thumbnail","category-maailm","tag-afk-sistema","tag-bks-mir-investitsii","tag-breaking-news","tag-breakingnews","tag-cifra-broker","tag-ee","tag-eesti","tag-eesti-keel","tag-estonia","tag-estonian","tag-featured-news","tag-featurednews","tag-freedom-global","tag-headlines","tag-latest-news","tag-latestnews","tag-maailm","tag-news","tag-ozon","tag-populaarseimad-lood","tag-top-stories","tag-topstories","tag-uldised-uudised","tag-uudised","tag-viimased-uudised","tag-wildberries","tag-world","tag-world-news","tag-worldnews"],"share_on_mastodon":{"url":"https:\/\/pubeurope.com\/@ee\/117154437192448118","error":""},"_links":{"self":[{"href":"https:\/\/www.europesays.com\/ee\/wp-json\/wp\/v2\/posts\/260112","targetHints":{"allow":["GET"]}}],"collection":[{"href":"https:\/\/www.europesays.com\/ee\/wp-json\/wp\/v2\/posts"}],"about":[{"href":"https:\/\/www.europesays.com\/ee\/wp-json\/wp\/v2\/types\/post"}],"author":[{"embeddable":true,"href":"https:\/\/www.europesays.com\/ee\/wp-json\/wp\/v2\/users\/2"}],"replies":[{"embeddable":true,"href":"https:\/\/www.europesays.com\/ee\/wp-json\/wp\/v2\/comments?post=260112"}],"version-history":[{"count":0,"href":"https:\/\/www.europesays.com\/ee\/wp-json\/wp\/v2\/posts\/260112\/revisions"}],"wp:featuredmedia":[{"embeddable":true,"href":"https:\/\/www.europesays.com\/ee\/wp-json\/wp\/v2\/media\/260113"}],"wp:attachment":[{"href":"https:\/\/www.europesays.com\/ee\/wp-json\/wp\/v2\/media?parent=260112"}],"wp:term":[{"taxonomy":"category","embeddable":true,"href":"https:\/\/www.europesays.com\/ee\/wp-json\/wp\/v2\/categories?post=260112"},{"taxonomy":"post_tag","embeddable":true,"href":"https:\/\/www.europesays.com\/ee\/wp-json\/wp\/v2\/tags?post=260112"}],"curies":[{"name":"wp","href":"https:\/\/api.w.org\/{rel}","templated":true}]}}