{"id":260126,"date":"2026-08-25T05:35:09","date_gmt":"2026-08-25T05:35:09","guid":{"rendered":"https:\/\/www.europesays.com\/ee\/260126\/"},"modified":"2026-08-25T05:35:09","modified_gmt":"2026-08-25T05:35:09","slug":"tana-otse-voimlas-on-juttu-korvpallist-ja-eneseuletustest-spordis-varia","status":"publish","type":"post","link":"https:\/\/www.europesays.com\/ee\/260126\/","title":{"rendered":"T\u00c4NA OTSE | &#8220;V\u00f5imlas&#8221; on juttu korvpallist ja enese\u00fcletustest spordis | Varia"},"content":{"rendered":"<p>Vikerraadio teisip\u00e4evases spordisaates &#8220;V\u00f5imla&#8221; vahetavad seekord m\u00f5tteid Juhan Kilumets, Kristjan Kallaste ja Johannes Vedru.<\/p>\n<p>Eesti meeste korvpallikoondisel seisab MM-valiksarjas ees v\u00e4ga t\u00e4htis n\u00e4dal. Kontrollm\u00e4ngudes v\u00f5itis Eesti napilt Leedut, kuid kaotas kindlalt Itaaliale.<\/p>\n<p>Tallinna triatlonin\u00e4dalavahetusel v\u00f5itis rahva s\u00fcdamed meeletu pingutusega end pildituks jooksnud Liis Kapten. R\u00e4\u00e4gime saates enese\u00fcletustest, mida sport pakkuda v\u00f5ib.<\/p>\n<p>V\u00f5istlusn\u00e4dalavahetus Otep\u00e4\u00e4l pakkus infokilde nii Kristjan Ilvese kui ka murdmaasuusatajate osas.<\/p>\n<p>FIFA presidendi Gianni Infantino vastu on avalikult koondumas \u00fcha t\u00f5sisem opositsioon.<\/p>\n<p>Kergej\u00f5ustikuhooaeg j\u00e4tkub ka p\u00e4rast Euroopa meistriv\u00f5istlusi. Arutleme, kas ja kuidas oleks tarvis spordiala vaatamist p\u00f5nevamaks muuta?<\/p>\n<p>Kuulake Vikerraadiot teisip\u00e4eval, 25. augustil kell 10.05.<\/p>\n","protected":false},"excerpt":{"rendered":"Vikerraadio teisip\u00e4evases spordisaates &#8220;V\u00f5imla&#8221; vahetavad seekord m\u00f5tteid Juhan Kilumets, Kristjan Kallaste ja Johannes Vedru. Eesti meeste korvpallikoondisel seisab&hellip;\n","protected":false},"author":2,"featured_media":260127,"comment_status":"","ping_status":"","sticky":false,"template":"","format":"standard","meta":{"footnotes":"","_share_on_mastodon":"0"},"categories":[12],"tags":[26,27,37,33,35,34,36,31,32,21,28,29,19,25,3031,23,24,22,20,30,3030],"class_list":["post-260126","post","type-post","status-publish","format-standard","has-post-thumbnail","category-eesti","tag-breaking-news","tag-breakingnews","tag-ee","tag-eesti","tag-eesti-keel","tag-estonia","tag-estonian","tag-featured-news","tag-featurednews","tag-headlines","tag-latest-news","tag-latestnews","tag-news","tag-populaarseimad-lood","tag-spordisaade-voimla","tag-top-stories","tag-topstories","tag-uldised-uudised","tag-uudised","tag-viimased-uudised","tag-voimla"],"share_on_mastodon":{"url":"https:\/\/pubeurope.com\/@ee\/117154527813133647","error":""},"_links":{"self":[{"href":"https:\/\/www.europesays.com\/ee\/wp-json\/wp\/v2\/posts\/260126","targetHints":{"allow":["GET"]}}],"collection":[{"href":"https:\/\/www.europesays.com\/ee\/wp-json\/wp\/v2\/posts"}],"about":[{"href":"https:\/\/www.europesays.com\/ee\/wp-json\/wp\/v2\/types\/post"}],"author":[{"embeddable":true,"href":"https:\/\/www.europesays.com\/ee\/wp-json\/wp\/v2\/users\/2"}],"replies":[{"embeddable":true,"href":"https:\/\/www.europesays.com\/ee\/wp-json\/wp\/v2\/comments?post=260126"}],"version-history":[{"count":0,"href":"https:\/\/www.europesays.com\/ee\/wp-json\/wp\/v2\/posts\/260126\/revisions"}],"wp:featuredmedia":[{"embeddable":true,"href":"https:\/\/www.europesays.com\/ee\/wp-json\/wp\/v2\/media\/260127"}],"wp:attachment":[{"href":"https:\/\/www.europesays.com\/ee\/wp-json\/wp\/v2\/media?parent=260126"}],"wp:term":[{"taxonomy":"category","embeddable":true,"href":"https:\/\/www.europesays.com\/ee\/wp-json\/wp\/v2\/categories?post=260126"},{"taxonomy":"post_tag","embeddable":true,"href":"https:\/\/www.europesays.com\/ee\/wp-json\/wp\/v2\/tags?post=260126"}],"curies":[{"name":"wp","href":"https:\/\/api.w.org\/{rel}","templated":true}]}}