{"id":260132,"date":"2026-08-25T05:44:31","date_gmt":"2026-08-25T05:44:31","guid":{"rendered":"https:\/\/www.europesays.com\/ee\/260132\/"},"modified":"2026-08-25T05:44:31","modified_gmt":"2026-08-25T05:44:31","slug":"juhtkiri-ootame-voimalikult-kasinat-riigieelarvet-fookus-olgu-kulmutamisel-ja-karpimisel-mitte-palgatousudel-delfi","status":"publish","type":"post","link":"https:\/\/www.europesays.com\/ee\/260132\/","title":{"rendered":"JUHTKIRI | Ootame v\u00f5imalikult kasinat riigieelarvet. Fookus olgu k\u00fclmutamisel ja k\u00e4rpimisel, mitte palgat\u00f5usudel &#8211; Delfi"},"content":{"rendered":"<ol>\n<li><a href=\"https:\/\/news.google.com\/rss\/articles\/CBMi5wFBVV95cUxQNzNZemcxOWN4NFRzaUJSR0VYRjF4ZnF3Y2hzZEhuMGVscUtqX1JmYnRTNXJuZmFpUmFtNmRCakQzWEFBWXVFeUg4MGxFR1VYNHNXX1BJNXM4LWUwb0VTalB5TV80R2liMHdyRW5SMjhKdG02MnBuT0loZWtPb1hvUkZsTFlJR0lna1JfNE0ySDlDdUV1NHFxbGphczhnREgwR29hZmlLZWpkSDVRN3JQUm54eWZTUlNGYU9xam1qbmp2aEpoRlp6eFU3TUR4akFfWlhYaGQxcUhFV2NPZ0lXVVFsTl9pN3c?oc=5\" target=\"_blank\" rel=\"nofollow noopener\">JUHTKIRI | Ootame v\u00f5imalikult kasinat riigieelarvet. Fookus olgu k\u00fclmutamisel ja k\u00e4rpimisel, mitte palgat\u00f5usudel<\/a>&nbsp;&nbsp;Delfi<\/li>\n<li><a href=\"https:\/\/news.google.com\/rss\/articles\/CBMiqwFBVV95cUxONWlET2w4X25mQlBVZkgxZTFidXQ3d25hYlAyMS1uWlVrSkZ4RnpzdWZIaTBBa0dGcEpLdmxJSkJDVmxpN1dIUE9pZzVSMl9nX2pDWjZiQ2VkTzVITEk1U3YwbkdodWNFSUFmQWY0ZFFNc25scm1lbnVYb216TVZENHg0MUk1VXc2aXl5OF9JeHVhOVhwbTlTLWdWcFE1SzdoSVd5LXBZSk5qWjQ?oc=5\" target=\"_blank\" rel=\"nofollow noopener\">Kaitseministeerium hoiab riigieelarve k\u00f5nelustel kinni varasemast rahastusplaanist<\/a>&nbsp;&nbsp;Traders Union<\/li>\n<li><a href=\"https:\/\/news.google.com\/rss\/articles\/CBMimAFBVV95cUxNZ3NjMVNLQl92TTFKVG04aC1seTg2QzVfcnZrMWJGWW12LUNjSWZKNmpaYmFVbGN5TlR6VnRmX2U1SFZNSmd1RmJYd2V4NlM0SEk3S25LV3Rjb2x3OHlZdnRBMlF4NlNVREt6R1ZnUGN1ZnROZTllekVCRnd6RkJnV1JtSURJNDB0STBydHkyVGE4Z0FjSUFLeg?oc=5\" target=\"_blank\" rel=\"nofollow noopener\">Valitsus alustab teisip\u00e4eval j\u00e4rgmise aasta eelarve k\u00f5nelustega<\/a>&nbsp;&nbsp;ERR<\/li>\n<li><a href=\"https:\/\/news.google.com\/rss\/articles\/CBMivAFBVV95cUxPWTJ2RU1saDFpbjFKVl9LRnZNbGlaZ3FMdEJWaFNIVWpMUXVuWFZuT3R6dzlTX0FCS0RjTEg4bl9xYVV3MXhBNVE2RUo1X2hSWlNaOU1fOHNlczItaGp4a2lZWUZRRW1GN0Z6aDZkSnhhTlA4NWlkTkdEdUY1dFN0dDVjWEJHbDZmTm0wZlo0SU9sbVk4eExkeW11OEIzQXhrZ2tvRXFFcVlBUDktRFFBaXB1TkozaV9wSVlTTA?oc=5\" target=\"_blank\" rel=\"nofollow noopener\">\u00dcLEVAADE | Valitsus alustab riigieelarve k\u00f5nelusi. Millised on ministrite soovid?<\/a>&nbsp;&nbsp;Delfi<\/li>\n<li><a href=\"https:\/\/news.google.com\/rss\/articles\/CBMilwFBVV95cUxQV01TeW8waWZCTGlFYXJTR1ZsdE1XZEFaQTFGdUpjMVgza3Y5YUExMWFnVjU2aDNJcUlTQ3YwalRfY3pabzlZUjdXNmJqV0xNaHR2VHBudmNtSWJ4QzRMVGc5djdVUDBURERxWlJxRXRqZWd2bDByMWFSR29oTWtDa09oMERWMGtnajFVeEJuenhIWHk5aFdZ?oc=5\" target=\"_blank\" rel=\"nofollow noopener\">Valitsus alustab teisip\u00e4eval j\u00e4rgmise aasta eelarvek\u00f5nelustega<\/a>&nbsp;&nbsp;ERR<\/li>\n<\/ol>\n","protected":false},"excerpt":{"rendered":"JUHTKIRI | Ootame v\u00f5imalikult kasinat riigieelarvet. Fookus olgu k\u00fclmutamisel ja k\u00e4rpimisel, mitte palgat\u00f5usudel&nbsp;&nbsp;Delfi Kaitseministeerium hoiab riigieelarve k\u00f5nelustel kinni&hellip;\n","protected":false},"author":2,"featured_media":260133,"comment_status":"","ping_status":"","sticky":false,"template":"","format":"standard","meta":{"footnotes":"","_share_on_mastodon":"0"},"categories":[14],"tags":[131,130,37,33,35,2183,34,36,646,1016,640,2701],"class_list":["post-260132","post","type-post","status-publish","format-standard","has-post-thumbnail","category-ari","tag-ari","tag-business","tag-ee","tag-eesti","tag-eesti-keel","tag-eesti-pank","tag-estonia","tag-estonian","tag-kristen-michal","tag-riigieelarve","tag-riigikogu","tag-riigivolg"],"share_on_mastodon":{"url":"https:\/\/pubeurope.com\/@ee\/117154562927209490","error":""},"_links":{"self":[{"href":"https:\/\/www.europesays.com\/ee\/wp-json\/wp\/v2\/posts\/260132","targetHints":{"allow":["GET"]}}],"collection":[{"href":"https:\/\/www.europesays.com\/ee\/wp-json\/wp\/v2\/posts"}],"about":[{"href":"https:\/\/www.europesays.com\/ee\/wp-json\/wp\/v2\/types\/post"}],"author":[{"embeddable":true,"href":"https:\/\/www.europesays.com\/ee\/wp-json\/wp\/v2\/users\/2"}],"replies":[{"embeddable":true,"href":"https:\/\/www.europesays.com\/ee\/wp-json\/wp\/v2\/comments?post=260132"}],"version-history":[{"count":0,"href":"https:\/\/www.europesays.com\/ee\/wp-json\/wp\/v2\/posts\/260132\/revisions"}],"wp:featuredmedia":[{"embeddable":true,"href":"https:\/\/www.europesays.com\/ee\/wp-json\/wp\/v2\/media\/260133"}],"wp:attachment":[{"href":"https:\/\/www.europesays.com\/ee\/wp-json\/wp\/v2\/media?parent=260132"}],"wp:term":[{"taxonomy":"category","embeddable":true,"href":"https:\/\/www.europesays.com\/ee\/wp-json\/wp\/v2\/categories?post=260132"},{"taxonomy":"post_tag","embeddable":true,"href":"https:\/\/www.europesays.com\/ee\/wp-json\/wp\/v2\/tags?post=260132"}],"curies":[{"name":"wp","href":"https:\/\/api.w.org\/{rel}","templated":true}]}}