{"id":260138,"date":"2026-08-25T05:56:15","date_gmt":"2026-08-25T05:56:15","guid":{"rendered":"https:\/\/www.europesays.com\/ee\/260138\/"},"modified":"2026-08-25T05:56:15","modified_gmt":"2026-08-25T05:56:15","slug":"usa-eemaldas-suuria-terrorismi-toetajate-nimekirjast","status":"publish","type":"post","link":"https:\/\/www.europesays.com\/ee\/260138\/","title":{"rendered":"USA eemaldas S\u00fc\u00fcria terrorismi toetajate nimekirjast"},"content":{"rendered":"<p>USA eemaldas esmasp\u00e4eval <a rel=\"noopener nofollow\" target=\"_blank\" href=\"https:\/\/www.delfi.ee\/teema\/35428127\/suuria\" tag-id=\"35428127\">S\u00fc\u00fcria<\/a> terrorismi toetavate riikide nimekirjast, l\u00f5petades p\u00e4rast 45-p\u00e4evast kongressi l\u00e4bivaatust 1979. aastast kehtinud m\u00e4\u00e4ratluse.<\/p>\n<p><a rel=\"dofollow noopener\" target=\"_blank\" href=\"https:\/\/www.aljazeera.com\/news\/2026\/8\/24\/us-removes-syria-from-state-sponsor-of-terrorism-list?traffic_source=rss\" data-rel-date-range=\"[]\">Al Jazeera<\/a> teatel algas l\u00e4bivaatus siis, kui USA president <a rel=\"noopener nofollow\" target=\"_blank\" href=\"https:\/\/www.delfi.ee\/teema\/32758637\/donald-trump\" tag-id=\"32758637\">Donald Trump<\/a> teavitas 8. juulil kongressi kavatsusest m\u00e4\u00e4ratlus t\u00fchistada. USA v\u00e4lisminister <a rel=\"noopener nofollow\" target=\"_blank\" href=\"https:\/\/www.delfi.ee\/teema\/72601915\/marco-rubio\" tag-id=\"72601915\">Marco Rubio<\/a> \u00fctles, et otsus tehti tunnustusena S\u00fc\u00fcria presidendi <a rel=\"noopener nofollow\" target=\"_blank\" href=\"https:\/\/www.delfi.ee\/teema\/96866231\/ahmed-al-sharaa\" tag-id=\"96866231\">Ahmed al-Sharaa<\/a> \u201epositiivsetele sammudele ja edasistele kohustustele\u201c S\u00fc\u00fcria t\u00e4ielikuks distantseerimiseks rahvusvahelisest terrorismist.<\/p>\n<p>Al-Sharaa tervitas otsust X-is, nimetas seda ajalooliseks ja t\u00e4nas Trumpi. Tema s\u00f5nul aitab samm S\u00fc\u00fcrial taastuda p\u00e4rast 14 aastat kestnud kodus\u00f5da ning p\u00f6\u00f6rata \u201euue lehek\u00fclje oma valusast minevikust\u201c.<\/p>\n<p>Terrorismi toetavate riikide nimekirjas olevatele riikidele piirab USA v\u00e4lisabi, kaitseeksporti ja -m\u00fc\u00fcki, teatud kahesuguse kasutusega kaupade ning finantstehingute v\u00f5imalusi. S\u00fc\u00fcria puhul tekitas see pankadele ja investoritele olulisi takistusi ka p\u00e4rast seda, kui Washington oli l\u00f5petanud varasemad S\u00fc\u00fcria-vastased <a rel=\"noopener nofollow\" target=\"_blank\" href=\"https:\/\/www.delfi.ee\/teema\/96852098\/sanktsioonid-1\" tag-id=\"96852098\">sanktsioonid<\/a>. USA rahandusminister Scott Bessent \u00fctles, et otsus soodustab t\u00e4iendavaid investeeringuid S\u00fc\u00fcriasse ning toetab poliitilist ja majanduslikku stabiilsust.<\/p>\n<p>S\u00fc\u00fcria v\u00e4lisministeerium teatas, et USA samm on oluline muutus, mis avab S\u00fc\u00fcria rahvusvahelistes suhetes uue peat\u00fcki. S\u00fc\u00fcria keskpanga juht Safwat Raslan nimetas otsust ajalooliseks sammuks, mis taastab riigi loomuliku koha \u00fcleilmses majanduss\u00fcsteemis. Rahandusminister Mohammed Barnieh \u00fctles riikliku uudisteagentuuri SANA teatel, et tegemist on S\u00fc\u00fcria diplomaatia suure ja ajaloolise eduga.<\/p>\n<p>Washington kandis S\u00fc\u00fcria terrorismi toetavate riikide nimekirja 1979. aastal, s\u00fc\u00fcdistades toonase presidendi Hafez al-Assadi valitsust relvar\u00fchmituste toetamises. M\u00e4\u00e4ratlus j\u00e4i kehtima ka Bashar al-Assadi ajal, kelle kukutasid 2024. aasta detsembris al-Sharaa juhitud m\u00e4ssulised. Esmasp\u00e4evane otsus t\u00fchistas ka al-Sharaa varem juhitud al-Nusrah Fronti ehk Hayat Tahrir al-Shami \u00fcleilmse terroriorganisatsiooni m\u00e4\u00e4ratluse. HTS oli kunagi al-Qaeda ametlik haru S\u00fc\u00fcrias.<\/p>\n<p>Kuidas see lugu Sind end tundma pani?Saada<a href=\"https:\/\/www.delfi.ee\/artikkel\/120605834\/usa-eemaldas-suuria-terrorismi-toetajate-nimekirjast\/kommentaarid\" class=\"button button--primary button--size-auto article-body-bottom__comment article-body-bottom__comment--write\" style=\"\" rel=\"nofollow noopener\" target=\"_blank\">Kommenteeri<\/a><a href=\"https:\/\/www.delfi.ee\/artikkel\/120605834\/usa-eemaldas-suuria-terrorismi-toetajate-nimekirjast\/kommentaarid\" class=\"button button--size-auto article-body-bottom__comment article-body-bottom__comment--read\" style=\"\" rel=\"nofollow noopener\" target=\"_blank\">Loe kommentaare <\/a><\/p>\n","protected":false},"excerpt":{"rendered":"USA eemaldas esmasp\u00e4eval S\u00fc\u00fcria terrorismi toetavate riikide nimekirjast, l\u00f5petades p\u00e4rast 45-p\u00e4evast kongressi l\u00e4bivaatust 1979. aastast kehtinud m\u00e4\u00e4ratluse. Al&hellip;\n","protected":false},"author":2,"featured_media":260139,"comment_status":"","ping_status":"","sticky":false,"template":"","format":"standard","meta":{"footnotes":"","_share_on_mastodon":"0"},"categories":[14],"tags":[5950,131,130,324,37,33,35,34,36,1894,2797,1604,325,15128],"class_list":["post-260138","post","type-post","status-publish","format-standard","has-post-thumbnail","category-ari","tag-ahmed-al-sharaa","tag-ari","tag-business","tag-donald-trump","tag-ee","tag-eesti","tag-eesti-keel","tag-estonia","tag-estonian","tag-marco-rubio","tag-sanktsioonid","tag-suuria","tag-usa","tag-usa-sanktsioonid"],"share_on_mastodon":{"url":"https:\/\/pubeurope.com\/@ee\/117154610115443149","error":""},"_links":{"self":[{"href":"https:\/\/www.europesays.com\/ee\/wp-json\/wp\/v2\/posts\/260138","targetHints":{"allow":["GET"]}}],"collection":[{"href":"https:\/\/www.europesays.com\/ee\/wp-json\/wp\/v2\/posts"}],"about":[{"href":"https:\/\/www.europesays.com\/ee\/wp-json\/wp\/v2\/types\/post"}],"author":[{"embeddable":true,"href":"https:\/\/www.europesays.com\/ee\/wp-json\/wp\/v2\/users\/2"}],"replies":[{"embeddable":true,"href":"https:\/\/www.europesays.com\/ee\/wp-json\/wp\/v2\/comments?post=260138"}],"version-history":[{"count":0,"href":"https:\/\/www.europesays.com\/ee\/wp-json\/wp\/v2\/posts\/260138\/revisions"}],"wp:featuredmedia":[{"embeddable":true,"href":"https:\/\/www.europesays.com\/ee\/wp-json\/wp\/v2\/media\/260139"}],"wp:attachment":[{"href":"https:\/\/www.europesays.com\/ee\/wp-json\/wp\/v2\/media?parent=260138"}],"wp:term":[{"taxonomy":"category","embeddable":true,"href":"https:\/\/www.europesays.com\/ee\/wp-json\/wp\/v2\/categories?post=260138"},{"taxonomy":"post_tag","embeddable":true,"href":"https:\/\/www.europesays.com\/ee\/wp-json\/wp\/v2\/tags?post=260138"}],"curies":[{"name":"wp","href":"https:\/\/api.w.org\/{rel}","templated":true}]}}